{"id":14355,"date":"2023-09-01T07:35:41","date_gmt":"2023-09-01T07:35:41","guid":{"rendered":"https:\/\/mariafrieden-hamminkeln.de\/?p=14355"},"modified":"2023-09-11T08:30:18","modified_gmt":"2023-09-11T08:30:18","slug":"impuls-des-monats-september-2023-erntedank-danke","status":"publish","type":"post","link":"https:\/\/mariafrieden-hamminkeln.de\/?p=14355","title":{"rendered":"Impuls des Monats September 2023: Erntedank \u2013 Danke!"},"content":{"rendered":"<p>Das Zusammenwirken von schaffen, machen, seinen Beitrag leisten \u2013und doch das Entscheidende und Wichtige nicht \u201ein der Hand zu haben\u201c, geh\u00f6rt zur uralten Menschheitserfahrung, die sich in einem der fr\u00fchesten Feste der Menschheit, im Erntedankfest, ausdr\u00fcckt.<\/p>\n<p>Das Fest stammt aus der b\u00e4uerlichen Welt. Nach der anstrengenden Erntezeit schaut man auf die M\u00fchen und die Fr\u00fcchte der Arbeit und des Lebens,<\/p>\n<p>&#8211; dankbar &#8211;<\/p>\n<p><!--more-->in dem Wissen, dass vieles zusammenkommen muss, damit wir leben, \u00fcberleben, gut leben:<\/p>\n<p>f\u00f6rderliche Bedingungen, das Wetter und fruchtbarer Boden, Gesundheit, Arbeitskraft, Gl\u00fcck, Kraft und Ausdauer, ein tatkr\u00e4ftiges Miteinander \u2026<\/p>\n<p>Gott sei Dank f\u00fcr alles!<\/p>\n<p style=\"text-align: center;\">Was verbinden Sie mit Erntedank?<br \/>\nF\u00fcr was oder f\u00fcr wen sind Sie dankbar?<\/p>\n<p><strong>Geliebte Erde<br \/>\n<\/strong>Ich liebe dich, Erde, mit allem, was auf dir lebt.<br \/>\nGott hat dich geschaffen.<br \/>\nIch liebe dich, Erde, denn Gott hat dich sehr sch\u00f6n gemacht<br \/>\nmit deinen Menschen.<br \/>\nIch liebe dich, Erde, Gott erh\u00e4lt dich noch immer in seiner Treue.<br \/>\nTrotz aller Zerst\u00f6rung, die wir angerichtet haben auf dir,<br \/>\ntrotz Krieg, Gewalt und r\u00fccksichtsloser Ausraubung<br \/>\nwird es noch immer Fr\u00fchling und Sommer, Herbst und Winter,<br \/>\nkommt immer ein neuer Tag nach dem Dunkel der Nacht.<br \/>\nIch liebe dich, Erde.<br \/>\nDarum will ich liebevoll leben lernen<br \/>\nund Verantwortung \u00fcbernehmen f\u00fcr Gottes Sch\u00f6pfung.<\/p>\n<p><em>(Graffito an der ehemaligen Berliner Mauer)<\/em><\/p>\n<p style=\"text-align: right;\"><em>(Texte und Graphik vom Erzbistum K\u00f6ln)<\/em><\/p>\n ","protected":false},"excerpt":{"rendered":"<p>Das Zusammenwirken von schaffen, machen, seinen Beitrag leisten \u2013und doch das Entscheidende und Wichtige nicht \u201ein der Hand zu haben\u201c, geh\u00f6rt zur uralten Menschheitserfahrung, die sich in einem der fr\u00fchesten Feste der Menschheit, im Erntedankfest, ausdr\u00fcckt. Das Fest stammt aus der b\u00e4uerlichen Welt. Nach der anstrengenden Erntezeit schaut man auf die M\u00fchen und die Fr\u00fcchte [&hellip;]<\/p>\n","protected":false},"author":1,"featured_media":14362,"comment_status":"closed","ping_status":"open","sticky":false,"template":"","format":"standard","meta":{"footnotes":""},"categories":[1],"tags":[],"_links":{"self":[{"href":"https:\/\/mariafrieden-hamminkeln.de\/index.php?rest_route=\/wp\/v2\/posts\/14355"}],"collection":[{"href":"https:\/\/mariafrieden-hamminkeln.de\/index.php?rest_route=\/wp\/v2\/posts"}],"about":[{"href":"https:\/\/mariafrieden-hamminkeln.de\/index.php?rest_route=\/wp\/v2\/types\/post"}],"author":[{"embeddable":true,"href":"https:\/\/mariafrieden-hamminkeln.de\/index.php?rest_route=\/wp\/v2\/users\/1"}],"replies":[{"embeddable":true,"href":"https:\/\/mariafrieden-hamminkeln.de\/index.php?rest_route=%2Fwp%2Fv2%2Fcomments&post=14355"}],"version-history":[{"count":5,"href":"https:\/\/mariafrieden-hamminkeln.de\/index.php?rest_route=\/wp\/v2\/posts\/14355\/revisions"}],"predecessor-version":[{"id":14363,"href":"https:\/\/mariafrieden-hamminkeln.de\/index.php?rest_route=\/wp\/v2\/posts\/14355\/revisions\/14363"}],"wp:featuredmedia":[{"embeddable":true,"href":"https:\/\/mariafrieden-hamminkeln.de\/index.php?rest_route=\/wp\/v2\/media\/14362"}],"wp:attachment":[{"href":"https:\/\/mariafrieden-hamminkeln.de\/index.php?rest_route=%2Fwp%2Fv2%2Fmedia&parent=14355"}],"wp:term":[{"taxonomy":"category","embeddable":true,"href":"https:\/\/mariafrieden-hamminkeln.de\/index.php?rest_route=%2Fwp%2Fv2%2Fcategories&post=14355"},{"taxonomy":"post_tag","embeddable":true,"href":"https:\/\/mariafrieden-hamminkeln.de\/index.php?rest_route=%2Fwp%2Fv2%2Ftags&post=14355"}],"curies":[{"name":"wp","href":"https:\/\/api.w.org\/{rel}","templated":true}]}}