{"id":14869,"date":"2024-01-06T10:23:06","date_gmt":"2024-01-06T10:23:06","guid":{"rendered":"https:\/\/mariafrieden-hamminkeln.de\/?p=14869"},"modified":"2024-01-03T11:08:56","modified_gmt":"2024-01-03T11:08:56","slug":"neue-pfarrgemeinde","status":"publish","type":"post","link":"https:\/\/mariafrieden-hamminkeln.de\/?p=14869","title":{"rendered":"Neue Pfarrgemeinde"},"content":{"rendered":"<p><a href=\"https:\/\/mariafrieden-hamminkeln.de\/wp-content\/uploads\/2024\/01\/Lamers.jpg\"><img loading=\"lazy\" decoding=\"async\" class=\"alignleft  wp-image-14870\" src=\"https:\/\/mariafrieden-hamminkeln.de\/wp-content\/uploads\/2024\/01\/Lamers.jpg\" alt=\"\" width=\"293\" height=\"472\" \/><\/a><\/p>\n<p>&nbsp;<\/p>\n<p>Nach einem l\u00e4ngeren Findungsprozess ist nun gekl\u00e4rt, wo ich nach dem Verzicht auf die Stelle des leitenden Pfarrers t\u00e4tig werde.<br \/>\nEs wird in Rheinberg, St. Peter sein.<\/p>\n<p>Ich werde als mitarbeitender Priester dort und im \u201ePastoralen Raum\u201c, zu dem noch Xanten, Sonsbeck und Alpen geh\u00f6ren, arbeiten.<\/p>\n<p>Meine Verabschiedung aus Maria Frieden ist f\u00fcr den 13.\/14. April terminiert.<\/p>\n<p><em>Gru\u00df<\/em><\/p>\n<p><em style=\"font-size: 1rem;\">R. Lamers<\/em><\/p>\n ","protected":false},"excerpt":{"rendered":"<p>&nbsp; Nach einem l\u00e4ngeren Findungsprozess ist nun gekl\u00e4rt, wo ich nach dem Verzicht auf die Stelle des leitenden Pfarrers t\u00e4tig werde. Es wird in Rheinberg, St. Peter sein. Ich werde als mitarbeitender Priester dort und im \u201ePastoralen Raum\u201c, zu dem noch Xanten, Sonsbeck und Alpen geh\u00f6ren, arbeiten. Meine Verabschiedung aus Maria Frieden ist f\u00fcr den [&hellip;]<\/p>\n","protected":false},"author":1,"featured_media":0,"comment_status":"closed","ping_status":"open","sticky":false,"template":"","format":"standard","meta":{"footnotes":""},"categories":[1],"tags":[],"_links":{"self":[{"href":"https:\/\/mariafrieden-hamminkeln.de\/index.php?rest_route=\/wp\/v2\/posts\/14869"}],"collection":[{"href":"https:\/\/mariafrieden-hamminkeln.de\/index.php?rest_route=\/wp\/v2\/posts"}],"about":[{"href":"https:\/\/mariafrieden-hamminkeln.de\/index.php?rest_route=\/wp\/v2\/types\/post"}],"author":[{"embeddable":true,"href":"https:\/\/mariafrieden-hamminkeln.de\/index.php?rest_route=\/wp\/v2\/users\/1"}],"replies":[{"embeddable":true,"href":"https:\/\/mariafrieden-hamminkeln.de\/index.php?rest_route=%2Fwp%2Fv2%2Fcomments&post=14869"}],"version-history":[{"count":1,"href":"https:\/\/mariafrieden-hamminkeln.de\/index.php?rest_route=\/wp\/v2\/posts\/14869\/revisions"}],"predecessor-version":[{"id":14871,"href":"https:\/\/mariafrieden-hamminkeln.de\/index.php?rest_route=\/wp\/v2\/posts\/14869\/revisions\/14871"}],"wp:attachment":[{"href":"https:\/\/mariafrieden-hamminkeln.de\/index.php?rest_route=%2Fwp%2Fv2%2Fmedia&parent=14869"}],"wp:term":[{"taxonomy":"category","embeddable":true,"href":"https:\/\/mariafrieden-hamminkeln.de\/index.php?rest_route=%2Fwp%2Fv2%2Fcategories&post=14869"},{"taxonomy":"post_tag","embeddable":true,"href":"https:\/\/mariafrieden-hamminkeln.de\/index.php?rest_route=%2Fwp%2Fv2%2Ftags&post=14869"}],"curies":[{"name":"wp","href":"https:\/\/api.w.org\/{rel}","templated":true}]}}