{"id":16132,"date":"2025-01-28T00:01:10","date_gmt":"2025-01-28T00:01:10","guid":{"rendered":"https:\/\/mariafrieden-hamminkeln.de\/?p=16132"},"modified":"2025-01-29T15:57:54","modified_gmt":"2025-01-29T15:57:54","slug":"ferienlager-ameland-2025","status":"publish","type":"post","link":"https:\/\/mariafrieden-hamminkeln.de\/?p=16132","title":{"rendered":"Ferienlager Ameland 2025"},"content":{"rendered":"<p><a href=\"https:\/\/mariafrieden-hamminkeln.de\/?p=8685\"><img loading=\"lazy\" decoding=\"async\" class=\"alignleft wp-image-4097\" src=\"http:\/\/mariafrieden-hamminkeln.de\/wp-content\/uploads\/2017\/06\/Logo-Ameland-150x150.jpg\" alt=\"Logo Ameland\" width=\"288\" height=\"288\" \/><\/a><\/p>\n<p>&nbsp;<\/p>\n<p>In jedem Jahr bietet die Pfarrei Maria Frieden M\u00e4dchen und Jungen eine Ferienfreizeit auf der holl\u00e4ndischen, westfriesischen Insel Ameland an.<\/p>\n<p><span style=\"color: #ff0000;\"><strong>Ameland 2025 Anmeldung:<\/strong><\/span><strong><br \/>\n<\/strong>Der Anmeldezeitraum f\u00fcr 2025<br \/>\n<span style=\"color: #ff0000;\"><strong>ist vom 20. bis 28. Januar.<\/strong><\/span><\/p>\n<p><strong>Zeitraum der Ferienfreizeit:<\/strong><br \/>\nDie Ferienfreizeit Ameland findet in den Sommerferien f\u00fcr zwei Wochen statt.<br \/>\nDer Termin f\u00fcr das Lager 2025 ist vom 12. bis 25. August!<\/p>\n<p><b>Ferienanschrift:<br \/>\n<\/b>F. Molenaar, Hoofdweg 3 NL-9164 KL Buren-Ameland<\/p>\n<p><strong>Ansprechpartner:<br \/>\n<\/strong>Sylvia Schmeink<br \/>\nAm Kirchplatz 5, 46499 Hamminkeln<br \/>\nTel.: 02852 \/ 909030,<br \/>\nE-Mail: <a href=\"mailto:Schmeink-s@Bistum-muenster.de\">Schmeink-s@Bistum-muenster.de<\/a><\/p>\n ","protected":false},"excerpt":{"rendered":"<p>&nbsp; In jedem Jahr bietet die Pfarrei Maria Frieden M\u00e4dchen und Jungen eine Ferienfreizeit auf der holl\u00e4ndischen, westfriesischen Insel Ameland an. Ameland 2025 Anmeldung: Der Anmeldezeitraum f\u00fcr 2025 ist vom 20. bis 28. Januar. Zeitraum der Ferienfreizeit: Die Ferienfreizeit Ameland findet in den Sommerferien f\u00fcr zwei Wochen statt. Der Termin f\u00fcr das Lager 2025 ist [&hellip;]<\/p>\n","protected":false},"author":1,"featured_media":0,"comment_status":"closed","ping_status":"open","sticky":false,"template":"","format":"standard","meta":{"footnotes":""},"categories":[1],"tags":[],"_links":{"self":[{"href":"https:\/\/mariafrieden-hamminkeln.de\/index.php?rest_route=\/wp\/v2\/posts\/16132"}],"collection":[{"href":"https:\/\/mariafrieden-hamminkeln.de\/index.php?rest_route=\/wp\/v2\/posts"}],"about":[{"href":"https:\/\/mariafrieden-hamminkeln.de\/index.php?rest_route=\/wp\/v2\/types\/post"}],"author":[{"embeddable":true,"href":"https:\/\/mariafrieden-hamminkeln.de\/index.php?rest_route=\/wp\/v2\/users\/1"}],"replies":[{"embeddable":true,"href":"https:\/\/mariafrieden-hamminkeln.de\/index.php?rest_route=%2Fwp%2Fv2%2Fcomments&post=16132"}],"version-history":[{"count":5,"href":"https:\/\/mariafrieden-hamminkeln.de\/index.php?rest_route=\/wp\/v2\/posts\/16132\/revisions"}],"predecessor-version":[{"id":16879,"href":"https:\/\/mariafrieden-hamminkeln.de\/index.php?rest_route=\/wp\/v2\/posts\/16132\/revisions\/16879"}],"wp:attachment":[{"href":"https:\/\/mariafrieden-hamminkeln.de\/index.php?rest_route=%2Fwp%2Fv2%2Fmedia&parent=16132"}],"wp:term":[{"taxonomy":"category","embeddable":true,"href":"https:\/\/mariafrieden-hamminkeln.de\/index.php?rest_route=%2Fwp%2Fv2%2Fcategories&post=16132"},{"taxonomy":"post_tag","embeddable":true,"href":"https:\/\/mariafrieden-hamminkeln.de\/index.php?rest_route=%2Fwp%2Fv2%2Ftags&post=16132"}],"curies":[{"name":"wp","href":"https:\/\/api.w.org\/{rel}","templated":true}]}}