{"id":17135,"date":"2026-05-01T03:30:37","date_gmt":"2026-05-01T03:30:37","guid":{"rendered":"https:\/\/mariafrieden-hamminkeln.de\/?p=17135"},"modified":"2026-04-30T14:02:50","modified_gmt":"2026-04-30T14:02:50","slug":"frueherer-bergmann-wolfgang-traud-aus-duisburg-zu-gast-bei-kannste-glauben","status":"publish","type":"post","link":"https:\/\/mariafrieden-hamminkeln.de\/?p=17135","title":{"rendered":"Fr\u00fcherer Bergmann\u00a0Wolfgang Traud aus Duisburg zu Gast bei \u201ekannste\u00a0glauben\u201c\u00a0"},"content":{"rendered":"<p><a href=\"https:\/\/mariafrieden-hamminkeln.de\/wp-content\/uploads\/2026\/04\/0081-Youtube.png\"><img loading=\"lazy\" decoding=\"async\" class=\"alignleft  wp-image-17136\" src=\"https:\/\/mariafrieden-hamminkeln.de\/wp-content\/uploads\/2026\/04\/0081-Youtube-1024x576.png\" alt=\"\" width=\"297\" height=\"167\" srcset=\"https:\/\/mariafrieden-hamminkeln.de\/wp-content\/uploads\/2026\/04\/0081-Youtube-1024x576.png 1024w, https:\/\/mariafrieden-hamminkeln.de\/wp-content\/uploads\/2026\/04\/0081-Youtube-300x169.png 300w, https:\/\/mariafrieden-hamminkeln.de\/wp-content\/uploads\/2026\/04\/0081-Youtube-768x432.png 768w, https:\/\/mariafrieden-hamminkeln.de\/wp-content\/uploads\/2026\/04\/0081-Youtube-1536x864.png 1536w, https:\/\/mariafrieden-hamminkeln.de\/wp-content\/uploads\/2026\/04\/0081-Youtube-624x351.png 624w, https:\/\/mariafrieden-hamminkeln.de\/wp-content\/uploads\/2026\/04\/0081-Youtube.png 1920w\" sizes=\"(max-width: 297px) 100vw, 297px\" \/><\/a><\/p>\n<p>&nbsp;<\/p>\n<p><b><span data-contrast=\"auto\">Tag der\u00a0Arbeit\u00a0 \u2013<br \/>\nund ein besonderer Lebensweg<\/span><\/b><span data-ccp-props=\"{&quot;335551550&quot;:6,&quot;335551620&quot;:6,&quot;469777462&quot;:[2977],&quot;469777927&quot;:[0],&quot;469777928&quot;:[1]}\">\u00a0<\/span><\/p>\n<p>&nbsp;<\/p>\n<p><span data-contrast=\"auto\">Wolfgang Traud aus Duisburg kennt Arbeit aus ganz unterschiedlichen Perspektiven: Jahrzehntelang war er im Steinkohlenbergbau t\u00e4tig, arbeitete sich bis zum Bergwerksdirektor hoch \u2013 und begleitet heute ehrenamtlich Menschen auf ihrem letzten Weg\u00a0als\u00a0Beerdigungsleiter.<\/span><span data-ccp-props=\"{&quot;335551550&quot;:6,&quot;335551620&quot;:6,&quot;469777462&quot;:[2977],&quot;469777927&quot;:[0],&quot;469777928&quot;:[1]}\">\u00a0<\/span><\/p>\n<p><span data-contrast=\"auto\">In der neuen Folge von \u201ekannste\u00a0glauben\u201c, die zum 1. Mai, dem Tag der Arbeit, erscheint,\u00a0erz\u00e4hlt\u00a0Wolfgang Traud\u00a0von harter Arbeit unter Tage, von Verantwortung f\u00fcr andere und davon, was ihm im Berufsleben wirklich wichtig geworden ist.\u00a0<\/span><span data-ccp-props=\"{&quot;335551550&quot;:6,&quot;335551620&quot;:6,&quot;469777462&quot;:[2977],&quot;469777927&quot;:[0],&quot;469777928&quot;:[1]}\">\u00a0<\/span><\/p>\n<p><span data-contrast=\"auto\">Im Podcast des Bistums M\u00fcnster kommt Moderatorin Ann-Christin Ladermann jeden Monat mit Menschen \u00fcber deren Erfahrungen und Erlebnisse ins Gespr\u00e4ch sowie \u00fcber Themen, die unser Leben und das Bistum M\u00fcnster bewegen.<\/span><span data-ccp-props=\"{&quot;335551550&quot;:6,&quot;335551620&quot;:6,&quot;469777462&quot;:[2977],&quot;469777927&quot;:[0],&quot;469777928&quot;:[1]}\">\u00a0<\/span><\/p>\n<p><span data-contrast=\"auto\">Herzliche Einladung, in diese und weitere Folgen\u00a0des Podcasts\u00a0\u201ekannste\u00a0glauben\u201c hineinzuh\u00f6ren: im Internet auf www.kannste-glauben.de, auf dem\u00a0Youtube-Kanal des Bistums M\u00fcnster und unter \u201ekannste\u00a0glauben\u201c \u00fcberall, wo es Podcasts gibt (Spotify, podcaster.de, Deezer, Google Play und\u00a0Itunes).<\/span><span data-ccp-props=\"{&quot;335551550&quot;:6,&quot;335551620&quot;:6,&quot;469777462&quot;:[2977],&quot;469777927&quot;:[0],&quot;469777928&quot;:[1]}\">\u00a0<\/span><\/p>\n ","protected":false},"excerpt":{"rendered":"<p>&nbsp; Tag der\u00a0Arbeit\u00a0 \u2013 und ein besonderer Lebensweg\u00a0 &nbsp; Wolfgang Traud aus Duisburg kennt Arbeit aus ganz unterschiedlichen Perspektiven: Jahrzehntelang war er im Steinkohlenbergbau t\u00e4tig, arbeitete sich bis zum Bergwerksdirektor hoch \u2013 und begleitet heute ehrenamtlich Menschen auf ihrem letzten Weg\u00a0als\u00a0Beerdigungsleiter.\u00a0 In der neuen Folge von \u201ekannste\u00a0glauben\u201c, die zum 1. Mai, dem Tag der Arbeit, [&hellip;]<\/p>\n","protected":false},"author":1,"featured_media":0,"comment_status":"closed","ping_status":"open","sticky":false,"template":"","format":"standard","meta":{"footnotes":""},"categories":[1],"tags":[],"_links":{"self":[{"href":"https:\/\/mariafrieden-hamminkeln.de\/index.php?rest_route=\/wp\/v2\/posts\/17135"}],"collection":[{"href":"https:\/\/mariafrieden-hamminkeln.de\/index.php?rest_route=\/wp\/v2\/posts"}],"about":[{"href":"https:\/\/mariafrieden-hamminkeln.de\/index.php?rest_route=\/wp\/v2\/types\/post"}],"author":[{"embeddable":true,"href":"https:\/\/mariafrieden-hamminkeln.de\/index.php?rest_route=\/wp\/v2\/users\/1"}],"replies":[{"embeddable":true,"href":"https:\/\/mariafrieden-hamminkeln.de\/index.php?rest_route=%2Fwp%2Fv2%2Fcomments&post=17135"}],"version-history":[{"count":1,"href":"https:\/\/mariafrieden-hamminkeln.de\/index.php?rest_route=\/wp\/v2\/posts\/17135\/revisions"}],"predecessor-version":[{"id":17137,"href":"https:\/\/mariafrieden-hamminkeln.de\/index.php?rest_route=\/wp\/v2\/posts\/17135\/revisions\/17137"}],"wp:attachment":[{"href":"https:\/\/mariafrieden-hamminkeln.de\/index.php?rest_route=%2Fwp%2Fv2%2Fmedia&parent=17135"}],"wp:term":[{"taxonomy":"category","embeddable":true,"href":"https:\/\/mariafrieden-hamminkeln.de\/index.php?rest_route=%2Fwp%2Fv2%2Fcategories&post=17135"},{"taxonomy":"post_tag","embeddable":true,"href":"https:\/\/mariafrieden-hamminkeln.de\/index.php?rest_route=%2Fwp%2Fv2%2Ftags&post=17135"}],"curies":[{"name":"wp","href":"https:\/\/api.w.org\/{rel}","templated":true}]}}