{"id":2694,"date":"2016-09-12T09:55:39","date_gmt":"2016-09-12T09:55:39","guid":{"rendered":"http:\/\/mariafrieden-hamminkeln.de\/?p=2694"},"modified":"2016-10-04T06:10:05","modified_gmt":"2016-10-04T06:10:05","slug":"jubilaeum-in-der-gemeinde-heilig-kreuz-mehrhoog","status":"publish","type":"post","link":"https:\/\/mariafrieden-hamminkeln.de\/?p=2694","title":{"rendered":"Jubil\u00e4um in der Gemeinde Heilig Kreuz Mehrhoog"},"content":{"rendered":"<p>Am 01.10.2016 j\u00e4hrt sich die Kirchweihe der Heilig Kreuz Kirche zum 50. Mal.<\/p>\n<p>Schon einige Monate fr\u00fcher, im Juli 1966, war der Kindergarten fertig gebaut und nahm seinen Betrieb auf.<\/p>\n<p>Beide Ereignisse sind f\u00fcr unsere Gemeinde ein guter Grund zu feiern. Wir laden herzlich ein, das Jubil\u00e4um mitzufeiern.<\/p>\n<p>Die Feier findet am Samstag, dem 01.10.2016, statt. Sie beginnt um 15:00 Uhr mit einem Wortgottesdienst des Kindergartens in unserer Kirche.<\/p>\n<p>Anschlie\u00dfend ist Nachmittag der offenen T\u00fcr im Kindergarten mit einer Kaffeetafel und Spielangeboten f\u00fcr Kinder im Haus und auf dem Spielgel\u00e4nde.<\/p>\n<p>Nat\u00fcrlich gibt es Historisches in Wort und Bild zu sehen, was nicht nur f\u00fcr die aktuellen Kindergarteneltern, sondern auch f\u00fcr alle, die in den 50 Jahren unseren Kindergarten genossen haben, interessant ist.<\/p>\n<p>An den Kindergartennachmittag schlie\u00dft sich um 18:30 Uhr der Festgottesdienst in unsere Kirche an. Er wird zelebriert von unserem Weihbischof Wilfried Theising und vom Kirchenchor mitgestaltet.<\/p>\n<p>Alle Gemeindemitglieder aus unserer Gemeinde und der Pfarrei sind herzlich eingeladen, die Eucharistie mitzufeiern und dankzusagen f\u00fcr unsere Kirche und die Gemeinde.<\/p>\n<p>Im Anschluss an den Festgottesdienst l\u00e4dt der Gemeindeausschuss in unser Pfarrheim ein zum geselligen Zusammensein, zu gemeinsamen Essen und Trinken, und um Erinnerungen auszutauschen aus der Geschichte der Gemeinde und sich die pers\u00f6nlichen \u201eGeschichtchen\u201c zu erz\u00e4hlen.<\/p>\n<p>Herzlich Willkommen!<\/p>\n<p>Ihr Heinz Schulz, Pfr. und Bernhard Becker, Vorsitzender Gemeindeausschuss<\/p>\n ","protected":false},"excerpt":{"rendered":"<p>Am 01.10.2016 j\u00e4hrt sich die Kirchweihe der Heilig Kreuz Kirche zum 50. Mal. Schon einige Monate fr\u00fcher, im Juli 1966, war der Kindergarten fertig gebaut und nahm seinen Betrieb auf. Beide Ereignisse sind f\u00fcr unsere Gemeinde ein guter Grund zu feiern. Wir laden herzlich ein, das Jubil\u00e4um mitzufeiern. Die Feier findet am Samstag, dem 01.10.2016, [&hellip;]<\/p>\n","protected":false},"author":1,"featured_media":0,"comment_status":"closed","ping_status":"open","sticky":false,"template":"","format":"standard","meta":{"footnotes":""},"categories":[1],"tags":[],"_links":{"self":[{"href":"https:\/\/mariafrieden-hamminkeln.de\/index.php?rest_route=\/wp\/v2\/posts\/2694"}],"collection":[{"href":"https:\/\/mariafrieden-hamminkeln.de\/index.php?rest_route=\/wp\/v2\/posts"}],"about":[{"href":"https:\/\/mariafrieden-hamminkeln.de\/index.php?rest_route=\/wp\/v2\/types\/post"}],"author":[{"embeddable":true,"href":"https:\/\/mariafrieden-hamminkeln.de\/index.php?rest_route=\/wp\/v2\/users\/1"}],"replies":[{"embeddable":true,"href":"https:\/\/mariafrieden-hamminkeln.de\/index.php?rest_route=%2Fwp%2Fv2%2Fcomments&post=2694"}],"version-history":[{"count":2,"href":"https:\/\/mariafrieden-hamminkeln.de\/index.php?rest_route=\/wp\/v2\/posts\/2694\/revisions"}],"predecessor-version":[{"id":2696,"href":"https:\/\/mariafrieden-hamminkeln.de\/index.php?rest_route=\/wp\/v2\/posts\/2694\/revisions\/2696"}],"wp:attachment":[{"href":"https:\/\/mariafrieden-hamminkeln.de\/index.php?rest_route=%2Fwp%2Fv2%2Fmedia&parent=2694"}],"wp:term":[{"taxonomy":"category","embeddable":true,"href":"https:\/\/mariafrieden-hamminkeln.de\/index.php?rest_route=%2Fwp%2Fv2%2Fcategories&post=2694"},{"taxonomy":"post_tag","embeddable":true,"href":"https:\/\/mariafrieden-hamminkeln.de\/index.php?rest_route=%2Fwp%2Fv2%2Ftags&post=2694"}],"curies":[{"name":"wp","href":"https:\/\/api.w.org\/{rel}","templated":true}]}}