{"id":2779,"date":"2016-09-27T06:20:55","date_gmt":"2016-09-27T06:20:55","guid":{"rendered":"http:\/\/mariafrieden-hamminkeln.de\/?p=2779"},"modified":"2016-09-27T06:24:28","modified_gmt":"2016-09-27T06:24:28","slug":"ueber-tod-und-ueber-leben","status":"publish","type":"post","link":"https:\/\/mariafrieden-hamminkeln.de\/?p=2779","title":{"rendered":"\u00dcber Tod und \u00fcber Leben"},"content":{"rendered":"<p>Eine Reihe Theologisches &#8211; Philosophisches &#8211; Historisches &#8211; Soziales &#8211; Praktisches<\/p>\n<p>Wenig ist so sicher wie der eigene Tod und die Sorge darum, wie wir wohl sterben werden. Unsere Vorstellung davon, was uns mit dem Tod begegnen wird, hat gro\u00dfe Auswirkungen darauf, wie wir unser Leben f\u00fchren.<\/p>\n<p>Die Veranstaltungsreihe im <strong>Katholischen Bildungsforum Wesel, Martinistra\u00dfe 9,<br \/>\n46483 Wesel<\/strong> m\u00f6chte sich mit den Themen Tod und Sterben auf ganz unterschiedlichen Wegen n\u00e4hern und neue Perspektiven erm\u00f6glichen.<\/p>\n<p>Herzliche Einladung zu den Gespr\u00e4chsabenden immer mittwochs von 19:30 bis 21:30 Uhr:<\/p>\n<p>&#8211; am 05.10.16 &#8211; Himmel, H\u00f6lle, Fegefeuer &#8211; Christliche Jenseitsvorstellungen<br \/>\n&#8211; am 26.10.16 &#8211; &#8222;Tod und Vergehen waltet in allem&#8230;&#8220; &#8211;<br \/>\n<span style=\"color: #ffffff;\">&#8230;&#8230;&#8230;&#8230;&#8230;&#8230;&#8230;&#8230;&#8230;.<\/span>Gebet, Gottesdienst, Seelsorge und Ritus rund um den Tod<br \/>\n&#8211; am 09.11.16 &#8211; Totentanz, Sensenmann und Co. &#8211; Todesmotive in der Kunst<br \/>\n&#8211; am 30.11.16 &#8211; Memento mori &#8211; &#8222;Gedenke des Todes&#8220; als Leitfaden f\u00fcr ein gutes Leben<\/p>\n<p>Eine Anmeldung ist nicht erforderlich.<\/p>\n ","protected":false},"excerpt":{"rendered":"<p>Eine Reihe Theologisches &#8211; Philosophisches &#8211; Historisches &#8211; Soziales &#8211; Praktisches Wenig ist so sicher wie der eigene Tod und die Sorge darum, wie wir wohl sterben werden. Unsere Vorstellung davon, was uns mit dem Tod begegnen wird, hat gro\u00dfe Auswirkungen darauf, wie wir unser Leben f\u00fchren. Die Veranstaltungsreihe im Katholischen Bildungsforum Wesel, Martinistra\u00dfe 9, [&hellip;]<\/p>\n","protected":false},"author":1,"featured_media":0,"comment_status":"closed","ping_status":"open","sticky":false,"template":"","format":"standard","meta":{"footnotes":""},"categories":[1],"tags":[],"_links":{"self":[{"href":"https:\/\/mariafrieden-hamminkeln.de\/index.php?rest_route=\/wp\/v2\/posts\/2779"}],"collection":[{"href":"https:\/\/mariafrieden-hamminkeln.de\/index.php?rest_route=\/wp\/v2\/posts"}],"about":[{"href":"https:\/\/mariafrieden-hamminkeln.de\/index.php?rest_route=\/wp\/v2\/types\/post"}],"author":[{"embeddable":true,"href":"https:\/\/mariafrieden-hamminkeln.de\/index.php?rest_route=\/wp\/v2\/users\/1"}],"replies":[{"embeddable":true,"href":"https:\/\/mariafrieden-hamminkeln.de\/index.php?rest_route=%2Fwp%2Fv2%2Fcomments&post=2779"}],"version-history":[{"count":5,"href":"https:\/\/mariafrieden-hamminkeln.de\/index.php?rest_route=\/wp\/v2\/posts\/2779\/revisions"}],"predecessor-version":[{"id":2784,"href":"https:\/\/mariafrieden-hamminkeln.de\/index.php?rest_route=\/wp\/v2\/posts\/2779\/revisions\/2784"}],"wp:attachment":[{"href":"https:\/\/mariafrieden-hamminkeln.de\/index.php?rest_route=%2Fwp%2Fv2%2Fmedia&parent=2779"}],"wp:term":[{"taxonomy":"category","embeddable":true,"href":"https:\/\/mariafrieden-hamminkeln.de\/index.php?rest_route=%2Fwp%2Fv2%2Fcategories&post=2779"},{"taxonomy":"post_tag","embeddable":true,"href":"https:\/\/mariafrieden-hamminkeln.de\/index.php?rest_route=%2Fwp%2Fv2%2Ftags&post=2779"}],"curies":[{"name":"wp","href":"https:\/\/api.w.org\/{rel}","templated":true}]}}