{"id":2882,"date":"2016-10-26T10:38:17","date_gmt":"2016-10-26T10:38:17","guid":{"rendered":"http:\/\/mariafrieden-hamminkeln.de\/?p=2882"},"modified":"2016-11-03T07:26:16","modified_gmt":"2016-11-03T07:26:16","slug":"essen-auf-raedern-in-der-stadt-hamminkeln","status":"publish","type":"post","link":"https:\/\/mariafrieden-hamminkeln.de\/?p=2882","title":{"rendered":"&#8222;Essen auf R\u00e4dern&#8220; in der Stadt Hamminkeln"},"content":{"rendered":"<p><a href=\"http:\/\/mariafrieden-hamminkeln.de\/wp-content\/uploads\/2016\/10\/Caritas.jpg\"><img loading=\"lazy\" decoding=\"async\" class=\"alignleft size-thumbnail wp-image-2887\" alt=\"Caritas\" src=\"http:\/\/mariafrieden-hamminkeln.de\/wp-content\/uploads\/2016\/10\/Caritas-e1477478237700-150x150.jpg\" width=\"150\" height=\"150\" \/><\/a><\/p>\n<p>Es ist f\u00fcr viele \u00e4ltere Mitb\u00fcrger zur guten Selbstverst\u00e4ndlichkeit und Sicherheit geworden, dass sie t\u00e4glich durch den ehrenamtlichen Fahrdienst der Aktion \u201eEssen auf R\u00e4dern\u201c eine frisch zubereitete, warme Mahlzeit bekommen.<\/p>\n<p>T\u00e4glich verteilen 9 Fahrer mit ihren Beifahrern und mit ihren Privat-PKW\u00b4s in der ganzen Stadt Hamminkeln diese Mahlzeiten in einem festen Verteilerbezirk.<\/p>\n<p>Da bei dieser gro\u00dfen Helfergruppe immer wieder einige Helfer aus Altersgr\u00fcnden ausfallen, suchen wir immer wieder neue Fahrerinnen und Fahrer, die etwa einmal im Monat diesen Dienst in der Zeit von 11 Uhr bis 13 Uhr \u00fcbernehmen.<\/p>\n<p>In den n\u00e4chsten Tagen wird der neue Verteilerplan (\u00fcber 20 Wochen) f\u00fcr den Zeitraum von November 2016 bis zum April 2017 erstellt. Wir suchen Helfer sowohl f\u00fcr die Wochentage (Montag &#8211; Freitag) als auch f\u00fcr die Wochenenden (Samstag, Sonntag).<\/p>\n<p>Jeder Fahrer wird ganz individuell\u00a0 nach seinen Angaben, W\u00fcnschen und M\u00f6glichkeiten eingeteilt: durchschnittlich einmal pro 4 Wochen, maximal 6 &#8211; 7 mal in dem Planungsblock von 20 Wochen.<\/p>\n<p>Genaue und ausf\u00fchrliche Info\u00b4s und evtl. Anmeldungen beim<br \/>\n<strong>Diakon Heinz Grunden Tel.: 02856 \/ 1356.<\/strong><\/p>\n ","protected":false},"excerpt":{"rendered":"<p>Es ist f\u00fcr viele \u00e4ltere Mitb\u00fcrger zur guten Selbstverst\u00e4ndlichkeit und Sicherheit geworden, dass sie t\u00e4glich durch den ehrenamtlichen Fahrdienst der Aktion \u201eEssen auf R\u00e4dern\u201c eine frisch zubereitete, warme Mahlzeit bekommen. T\u00e4glich verteilen 9 Fahrer mit ihren Beifahrern und mit ihren Privat-PKW\u00b4s in der ganzen Stadt Hamminkeln diese Mahlzeiten in einem festen Verteilerbezirk. Da bei dieser [&hellip;]<\/p>\n","protected":false},"author":1,"featured_media":0,"comment_status":"closed","ping_status":"open","sticky":false,"template":"","format":"standard","meta":{"footnotes":""},"categories":[1],"tags":[],"_links":{"self":[{"href":"https:\/\/mariafrieden-hamminkeln.de\/index.php?rest_route=\/wp\/v2\/posts\/2882"}],"collection":[{"href":"https:\/\/mariafrieden-hamminkeln.de\/index.php?rest_route=\/wp\/v2\/posts"}],"about":[{"href":"https:\/\/mariafrieden-hamminkeln.de\/index.php?rest_route=\/wp\/v2\/types\/post"}],"author":[{"embeddable":true,"href":"https:\/\/mariafrieden-hamminkeln.de\/index.php?rest_route=\/wp\/v2\/users\/1"}],"replies":[{"embeddable":true,"href":"https:\/\/mariafrieden-hamminkeln.de\/index.php?rest_route=%2Fwp%2Fv2%2Fcomments&post=2882"}],"version-history":[{"count":3,"href":"https:\/\/mariafrieden-hamminkeln.de\/index.php?rest_route=\/wp\/v2\/posts\/2882\/revisions"}],"predecessor-version":[{"id":2890,"href":"https:\/\/mariafrieden-hamminkeln.de\/index.php?rest_route=\/wp\/v2\/posts\/2882\/revisions\/2890"}],"wp:attachment":[{"href":"https:\/\/mariafrieden-hamminkeln.de\/index.php?rest_route=%2Fwp%2Fv2%2Fmedia&parent=2882"}],"wp:term":[{"taxonomy":"category","embeddable":true,"href":"https:\/\/mariafrieden-hamminkeln.de\/index.php?rest_route=%2Fwp%2Fv2%2Fcategories&post=2882"},{"taxonomy":"post_tag","embeddable":true,"href":"https:\/\/mariafrieden-hamminkeln.de\/index.php?rest_route=%2Fwp%2Fv2%2Ftags&post=2882"}],"curies":[{"name":"wp","href":"https:\/\/api.w.org\/{rel}","templated":true}]}}