{"id":2912,"date":"2016-11-02T10:13:15","date_gmt":"2016-11-02T10:13:15","guid":{"rendered":"http:\/\/mariafrieden-hamminkeln.de\/?p=2912"},"modified":"2016-11-07T07:02:04","modified_gmt":"2016-11-07T07:02:04","slug":"pressemitteilung-hubertusgottesdienst-am-30-10-2016","status":"publish","type":"post","link":"https:\/\/mariafrieden-hamminkeln.de\/?p=2912","title":{"rendered":"Hubertusgottesdienst am 30.10.2016"},"content":{"rendered":"<p>&nbsp;<\/p>\n\n\t\t<style type=\"text\/css\">\n\t\t\t#gallery-1 {\n\t\t\t\tmargin: auto;\n\t\t\t}\n\t\t\t#gallery-1 .gallery-item {\n\t\t\t\tfloat: left;\n\t\t\t\tmargin-top: 10px;\n\t\t\t\ttext-align: center;\n\t\t\t\twidth: 33%;\n\t\t\t}\n\t\t\t#gallery-1 img {\n\t\t\t\tborder: 2px solid #cfcfcf;\n\t\t\t}\n\t\t\t#gallery-1 .gallery-caption {\n\t\t\t\tmargin-left: 0;\n\t\t\t}\n\t\t\t\/* see gallery_shortcode() in wp-includes\/media.php *\/\n\t\t<\/style>\n\t\t<div id='gallery-1' class='gallery galleryid-2912 gallery-columns-3 gallery-size-thumbnail'><dl class='gallery-item'>\n\t\t\t<dt class='gallery-icon landscape'>\n\t\t\t\t<a href='https:\/\/mariafrieden-hamminkeln.de\/?attachment_id=2914'><img loading=\"lazy\" decoding=\"async\" width=\"150\" height=\"150\" src=\"https:\/\/mariafrieden-hamminkeln.de\/wp-content\/uploads\/2016\/11\/Hubertus-4763-150x150.jpg\" class=\"attachment-thumbnail size-thumbnail\" alt=\"\" \/><\/a>\n\t\t\t<\/dt><\/dl><dl class='gallery-item'>\n\t\t\t<dt class='gallery-icon landscape'>\n\t\t\t\t<a href='https:\/\/mariafrieden-hamminkeln.de\/?attachment_id=2926'><img loading=\"lazy\" decoding=\"async\" width=\"150\" height=\"150\" src=\"https:\/\/mariafrieden-hamminkeln.de\/wp-content\/uploads\/2016\/11\/Hubertus-4845-150x150.jpg\" class=\"attachment-thumbnail size-thumbnail\" alt=\"\" \/><\/a>\n\t\t\t<\/dt><\/dl><dl class='gallery-item'>\n\t\t\t<dt class='gallery-icon landscape'>\n\t\t\t\t<a href='https:\/\/mariafrieden-hamminkeln.de\/?attachment_id=2927'><img loading=\"lazy\" decoding=\"async\" width=\"150\" height=\"150\" src=\"https:\/\/mariafrieden-hamminkeln.de\/wp-content\/uploads\/2016\/11\/Hubertus-4863-150x150.jpg\" class=\"attachment-thumbnail size-thumbnail\" alt=\"\" \/><\/a>\n\t\t\t<\/dt><\/dl><br style=\"clear: both\" \/><dl class='gallery-item'>\n\t\t\t<dt class='gallery-icon landscape'>\n\t\t\t\t<a href='https:\/\/mariafrieden-hamminkeln.de\/?attachment_id=2915'><img loading=\"lazy\" decoding=\"async\" width=\"150\" height=\"150\" src=\"https:\/\/mariafrieden-hamminkeln.de\/wp-content\/uploads\/2016\/11\/Hubertus-4761-150x150.jpg\" class=\"attachment-thumbnail size-thumbnail\" alt=\"\" \/><\/a>\n\t\t\t<\/dt><\/dl><dl class='gallery-item'>\n\t\t\t<dt class='gallery-icon landscape'>\n\t\t\t\t<a href='https:\/\/mariafrieden-hamminkeln.de\/?attachment_id=2924'><img loading=\"lazy\" decoding=\"async\" width=\"150\" height=\"150\" src=\"https:\/\/mariafrieden-hamminkeln.de\/wp-content\/uploads\/2016\/11\/Hubertus-4937-150x150.jpg\" class=\"attachment-thumbnail size-thumbnail\" alt=\"\" \/><\/a>\n\t\t\t<\/dt><\/dl><dl class='gallery-item'>\n\t\t\t<dt class='gallery-icon portrait'>\n\t\t\t\t<a href='https:\/\/mariafrieden-hamminkeln.de\/?attachment_id=2917'><img loading=\"lazy\" decoding=\"async\" width=\"150\" height=\"150\" src=\"https:\/\/mariafrieden-hamminkeln.de\/wp-content\/uploads\/2016\/11\/Hubertus-4932-150x150.jpg\" class=\"attachment-thumbnail size-thumbnail\" alt=\"\" \/><\/a>\n\t\t\t<\/dt><\/dl><br style=\"clear: both\" \/><dl class='gallery-item'>\n\t\t\t<dt class='gallery-icon portrait'>\n\t\t\t\t<a href='https:\/\/mariafrieden-hamminkeln.de\/?attachment_id=2913'><img loading=\"lazy\" decoding=\"async\" width=\"150\" height=\"150\" src=\"https:\/\/mariafrieden-hamminkeln.de\/wp-content\/uploads\/2016\/11\/Hubertus-4799-150x150.jpg\" class=\"attachment-thumbnail size-thumbnail\" alt=\"\" \/><\/a>\n\t\t\t<\/dt><\/dl><dl class='gallery-item'>\n\t\t\t<dt class='gallery-icon portrait'>\n\t\t\t\t<a href='https:\/\/mariafrieden-hamminkeln.de\/?attachment_id=2925'><img loading=\"lazy\" decoding=\"async\" width=\"150\" height=\"150\" src=\"https:\/\/mariafrieden-hamminkeln.de\/wp-content\/uploads\/2016\/11\/Hubertus-4944-150x150.jpg\" class=\"attachment-thumbnail size-thumbnail\" alt=\"\" \/><\/a>\n\t\t\t<\/dt><\/dl><dl class='gallery-item'>\n\t\t\t<dt class='gallery-icon portrait'>\n\t\t\t\t<a href='https:\/\/mariafrieden-hamminkeln.de\/?attachment_id=2916'><img loading=\"lazy\" decoding=\"async\" width=\"150\" height=\"150\" src=\"https:\/\/mariafrieden-hamminkeln.de\/wp-content\/uploads\/2016\/11\/Hubertus-4737-150x150.jpg\" class=\"attachment-thumbnail size-thumbnail\" alt=\"\" \/><\/a>\n\t\t\t<\/dt><\/dl><br style=\"clear: both\" \/><dl class='gallery-item'>\n\t\t\t<dt class='gallery-icon portrait'>\n\t\t\t\t<a href='https:\/\/mariafrieden-hamminkeln.de\/?attachment_id=2919'><img loading=\"lazy\" decoding=\"async\" width=\"150\" height=\"150\" src=\"https:\/\/mariafrieden-hamminkeln.de\/wp-content\/uploads\/2016\/11\/Hubertus-4890-150x150.jpg\" class=\"attachment-thumbnail size-thumbnail\" alt=\"\" \/><\/a>\n\t\t\t<\/dt><\/dl>\n\t\t\t<br style='clear: both' \/>\n\t\t<\/div>\n\n<p>Bestes Wetter und eine tolle Kulisse am Ringenberger Schloss lockten am Sonntag \u00fcber 250 Besucher zum \u00f6kumenischen Hubertusgottesdienst.<\/p>\n<p>Ausgerichtet wurde der Gottesdienst vom Hegering Hamminkeln, dessen Leiter Bj\u00f6rn Alexander die Veranstaltung mit den Worten: \u201eIch w\u00fcnsche Ihnen gute Unterhaltung\u201c unterm bereits d\u00e4mmrigen Abendhimmel er\u00f6ffnete. Und unterhaltsam wurde es anschlie\u00dfend auch. Denn die Geistlichen Diakon Michael Wenk und Pfarrer Udo Schmitt f\u00fchrten sehr abwechslungsreich und kurzweilig durch den Gottesdienst.<\/p>\n<p><!--more-->Wie bei Hubertusgottesdiensten \u00fcblich wurden Kirchenglocken und die klassische Kirchenorgel durch Jagdhornbl\u00e4ser ersetzt. Unter Leitung von Claus Domr\u00f6se spielten ein gutes Dutzend Bl\u00e4serinnen und Bl\u00e4ser des Perforcehornbl\u00e4serkorps Wesel\/Hamminkeln auf. Den H\u00f6hepunkt bildete das letzte St\u00fcck: \u201eGro\u00dfer Gott wir loben dich\u201c, bei dem die Bl\u00e4sergruppe den Gesang der Gemeinde musikalisch untermalte. Abgerundet wurde die Szenerie von reichlich Tannengr\u00fcn, den angereisten Falknern um Buddy Peschen und einigen Jagdhunden. Auch der inzwischen schon einsetzenden Dunkelheit hatte man dank der Freiwilligen Feuerwehr Hamminkeln entgegen wirken k\u00f6nnen. Denn die hatte mit einigen Lampen den Innenhof des Schlosses dezent ausgeleuchtet.<\/p>\n<p>Die eingesammelte Kollekte bezifferte der Schatzmeister des Hegerings Bernd Sippekamp auf \u00fcber 300 \u20ac. Gespendet wird dies dem F\u00f6rderverein Kinderpalliativmedizin L\u00f6wenzahn &amp; Pusteblume, Wesel.<\/p>\n<p>Am Ende des Gottesdienstes h\u00f6rte man sehr viele positive Stimmen, wie auch Schriftf\u00fchrer Stephan Kupka unterstrich: \u201eEine sehr gelungene und sch\u00f6ne Veranstaltung, die wir gerne wiederholen m\u00f6chten.\u201c Hegeringleiter Alexander f\u00fcgt noch hinzu: \u201eVoraussichtlich in zwei Jahren, denn im n\u00e4chsten Jahr wird sicherlich der Hegering Wesel seinen traditionellen Hubertusgottesdienst feiern.\u201c.<\/p>\n<p>Hintergrundinfo:<br \/>\nSeit dem Mittelalter wird die Hubertus-Legende \u00fcberliefert. Nach dieser ist Hubertus auf der Jagd von einem gro\u00dfen Hirsch mit einem Kruzifix zwischen dem Geweih zur R\u00fcckkehr zum Glauben und zu Gott bekehrt worden. Die daraus resultierende &#8222;Achtung vor dem Gesch\u00f6pf&#8220; ging als Waidgerechtigkeit in die Grunds\u00e4tze der J\u00e4gerschaft ein. Deshalb wird Hubertus als Schutzpatron der Jagd, der Natur und Umwelt angesehen. Aber auch der Sch\u00fctzen, der K\u00fcrschner, Metzger, der Metallbearbeiter, B\u00fcchsenmacher, Optiker und Hersteller von mathematischen Ger\u00e4ten. Au\u00dferdem gilt er als Besch\u00fctzer der Hunde und als Helfer gegen Tollwut. Im Umfeld des Hubertustages, dem 3. November, finden allj\u00e4hrlich Hubertusgottesdiense oder Hubertusmessen statt.<\/p>\n ","protected":false},"excerpt":{"rendered":"<p>&nbsp; Bestes Wetter und eine tolle Kulisse am Ringenberger Schloss lockten am Sonntag \u00fcber 250 Besucher zum \u00f6kumenischen Hubertusgottesdienst. Ausgerichtet wurde der Gottesdienst vom Hegering Hamminkeln, dessen Leiter Bj\u00f6rn Alexander die Veranstaltung mit den Worten: \u201eIch w\u00fcnsche Ihnen gute Unterhaltung\u201c unterm bereits d\u00e4mmrigen Abendhimmel er\u00f6ffnete. Und unterhaltsam wurde es anschlie\u00dfend auch. Denn die Geistlichen Diakon [&hellip;]<\/p>\n","protected":false},"author":1,"featured_media":0,"comment_status":"closed","ping_status":"open","sticky":false,"template":"","format":"standard","meta":{"footnotes":""},"categories":[1],"tags":[],"_links":{"self":[{"href":"https:\/\/mariafrieden-hamminkeln.de\/index.php?rest_route=\/wp\/v2\/posts\/2912"}],"collection":[{"href":"https:\/\/mariafrieden-hamminkeln.de\/index.php?rest_route=\/wp\/v2\/posts"}],"about":[{"href":"https:\/\/mariafrieden-hamminkeln.de\/index.php?rest_route=\/wp\/v2\/types\/post"}],"author":[{"embeddable":true,"href":"https:\/\/mariafrieden-hamminkeln.de\/index.php?rest_route=\/wp\/v2\/users\/1"}],"replies":[{"embeddable":true,"href":"https:\/\/mariafrieden-hamminkeln.de\/index.php?rest_route=%2Fwp%2Fv2%2Fcomments&post=2912"}],"version-history":[{"count":5,"href":"https:\/\/mariafrieden-hamminkeln.de\/index.php?rest_route=\/wp\/v2\/posts\/2912\/revisions"}],"predecessor-version":[{"id":2936,"href":"https:\/\/mariafrieden-hamminkeln.de\/index.php?rest_route=\/wp\/v2\/posts\/2912\/revisions\/2936"}],"wp:attachment":[{"href":"https:\/\/mariafrieden-hamminkeln.de\/index.php?rest_route=%2Fwp%2Fv2%2Fmedia&parent=2912"}],"wp:term":[{"taxonomy":"category","embeddable":true,"href":"https:\/\/mariafrieden-hamminkeln.de\/index.php?rest_route=%2Fwp%2Fv2%2Fcategories&post=2912"},{"taxonomy":"post_tag","embeddable":true,"href":"https:\/\/mariafrieden-hamminkeln.de\/index.php?rest_route=%2Fwp%2Fv2%2Ftags&post=2912"}],"curies":[{"name":"wp","href":"https:\/\/api.w.org\/{rel}","templated":true}]}}