{"id":2957,"date":"2016-11-07T08:06:10","date_gmt":"2016-11-07T08:06:10","guid":{"rendered":"http:\/\/mariafrieden-hamminkeln.de\/?p=2957"},"modified":"2016-11-20T10:55:42","modified_gmt":"2016-11-20T10:55:42","slug":"475-jahre-pfarrgruendung-st-antonius-loikum","status":"publish","type":"post","link":"https:\/\/mariafrieden-hamminkeln.de\/?p=2957","title":{"rendered":"Ortschronik anl\u00e4sslich 475 Jahre Pfarrgr\u00fcndung St. Antonius Loikum wird vorgestellt"},"content":{"rendered":"<p>Das Jahr der Jubil\u00e4umsfeierlichkeiten &#8222;475 Jahre Pfarrgr\u00fcndung St. Antonius Loikum&#8220; neigt sich dem Ende zu. Neben den gro\u00dfen Feiern und den zahlreichen kleineren Veranstaltungen soll eine Ortschronik dieses besondere Jahr markieren.<\/p>\n<p>Das Buch, welches die Pfarrgemeinde Maria Frieden herausgibt, enth\u00e4lt eine Dokumentation des gegenw\u00e4rtigen Dorflebens in den unterschiedlichen Vereinen und Gruppierungen sowie einen umfangreichen historischen R\u00fcckblick auf die Loikumer Dorf- und Kirchengeschichte. Unter Federf\u00fchrung von Dr. Hermann-Josef Stenkamp haben zahlreiche Mitwirkende zu dieser Dokumentation in Wort und Bild beigetragen.<\/p>\n<p>Am Sonntag, 20. November 2016, wird im Anschluss an die Hl. Messe gegen 10:30 Uhr in der B\u00fcrgerhalle Loikum diese Chronik vorgestellt. In der Messfeier, die um 9:30 Uhr in der St. Antonius-Kirche gefeiert wird, begehen wir auch das 25-j\u00e4hrige Ortsjubil\u00e4um von Pfarrer Franz-Josef Pail und das 20-j\u00e4hrige Weihejubil\u00e4um von Diakon Gernot L\u00f6hnert. Zu beiden Ereignissen d\u00fcrfen wir die gesamte Gemeinde Maria Frieden herzlich einladen.<\/p>\n ","protected":false},"excerpt":{"rendered":"<p>Das Jahr der Jubil\u00e4umsfeierlichkeiten &#8222;475 Jahre Pfarrgr\u00fcndung St. Antonius Loikum&#8220; neigt sich dem Ende zu. Neben den gro\u00dfen Feiern und den zahlreichen kleineren Veranstaltungen soll eine Ortschronik dieses besondere Jahr markieren. Das Buch, welches die Pfarrgemeinde Maria Frieden herausgibt, enth\u00e4lt eine Dokumentation des gegenw\u00e4rtigen Dorflebens in den unterschiedlichen Vereinen und Gruppierungen sowie einen umfangreichen historischen [&hellip;]<\/p>\n","protected":false},"author":1,"featured_media":0,"comment_status":"closed","ping_status":"open","sticky":false,"template":"","format":"standard","meta":{"footnotes":""},"categories":[1],"tags":[],"_links":{"self":[{"href":"https:\/\/mariafrieden-hamminkeln.de\/index.php?rest_route=\/wp\/v2\/posts\/2957"}],"collection":[{"href":"https:\/\/mariafrieden-hamminkeln.de\/index.php?rest_route=\/wp\/v2\/posts"}],"about":[{"href":"https:\/\/mariafrieden-hamminkeln.de\/index.php?rest_route=\/wp\/v2\/types\/post"}],"author":[{"embeddable":true,"href":"https:\/\/mariafrieden-hamminkeln.de\/index.php?rest_route=\/wp\/v2\/users\/1"}],"replies":[{"embeddable":true,"href":"https:\/\/mariafrieden-hamminkeln.de\/index.php?rest_route=%2Fwp%2Fv2%2Fcomments&post=2957"}],"version-history":[{"count":2,"href":"https:\/\/mariafrieden-hamminkeln.de\/index.php?rest_route=\/wp\/v2\/posts\/2957\/revisions"}],"predecessor-version":[{"id":2977,"href":"https:\/\/mariafrieden-hamminkeln.de\/index.php?rest_route=\/wp\/v2\/posts\/2957\/revisions\/2977"}],"wp:attachment":[{"href":"https:\/\/mariafrieden-hamminkeln.de\/index.php?rest_route=%2Fwp%2Fv2%2Fmedia&parent=2957"}],"wp:term":[{"taxonomy":"category","embeddable":true,"href":"https:\/\/mariafrieden-hamminkeln.de\/index.php?rest_route=%2Fwp%2Fv2%2Fcategories&post=2957"},{"taxonomy":"post_tag","embeddable":true,"href":"https:\/\/mariafrieden-hamminkeln.de\/index.php?rest_route=%2Fwp%2Fv2%2Ftags&post=2957"}],"curies":[{"name":"wp","href":"https:\/\/api.w.org\/{rel}","templated":true}]}}