{"id":3022,"date":"2016-12-18T01:07:36","date_gmt":"2016-12-18T01:07:36","guid":{"rendered":"http:\/\/mariafrieden-hamminkeln.de\/?p=3022"},"modified":"2016-12-29T08:18:32","modified_gmt":"2016-12-29T08:18:32","slug":"weihnachtsgruss-2016","status":"publish","type":"post","link":"https:\/\/mariafrieden-hamminkeln.de\/?p=3022","title":{"rendered":"Weihnachtsgru\u00df 2016"},"content":{"rendered":"<p style=\"text-align: center;\"><span style=\"font-family: comic sans ms,sans-serif;\"><strong>In jener Nacht<\/strong><\/span><br \/>\nteilt Gott<br \/>\n<span style=\"font-family: comic sans ms,sans-serif;\"> im Krippenkind von Betlehem<\/span><br \/>\n<span style=\"font-family: comic sans ms,sans-serif;\"> dem Menschen<\/span><br \/>\n<span style=\"font-family: comic sans ms,sans-serif;\"> sein Geheimnis mit<\/span><br \/>\n<span style=\"font-family: comic sans ms,sans-serif;\">und teilt es<\/span><br \/>\n<span style=\"font-family: comic sans ms,sans-serif;\"> mit ihm<\/span><br \/>\n<span style=\"font-family: comic sans ms,sans-serif;\">auf dass er<\/span><br \/>\n<span style=\"font-family: comic sans ms,sans-serif;\"> im Geheimnis dieses Kindes<\/span><br \/>\n<span style=\"font-family: comic sans ms,sans-serif;\"> selbst heimisch<\/span><br \/>\n<span style=\"font-family: comic sans ms,sans-serif;\"> werde<\/span><br \/>\n<span style=\"font-family: comic sans ms,sans-serif;\">wie Gott<br \/>\nin jener Nacht<\/span><br \/>\n<span style=\"font-family: comic sans ms,sans-serif; font-size: x-small;\"><i>Klaus J\u00e4kel, In: Pfarrbriefservice.de<\/i><\/span><\/p>\n<p style=\"text-align: center;\" align=\"center\"><a href=\"http:\/\/mariafrieden-hamminkeln.de\/wp-content\/uploads\/2016\/12\/Weihnachtsgru\u00df.jpg\"><img loading=\"lazy\" decoding=\"async\" class=\"size-medium wp-image-3027\" alt=\"Weihnachtsgru\u00df\" src=\"http:\/\/mariafrieden-hamminkeln.de\/wp-content\/uploads\/2016\/12\/Weihnachtsgru\u00df-300x219.jpg\" width=\"300\" height=\"219\" srcset=\"https:\/\/mariafrieden-hamminkeln.de\/wp-content\/uploads\/2016\/12\/Weihnachtsgru\u00df-300x219.jpg 300w, https:\/\/mariafrieden-hamminkeln.de\/wp-content\/uploads\/2016\/12\/Weihnachtsgru\u00df-1024x749.jpg 1024w, https:\/\/mariafrieden-hamminkeln.de\/wp-content\/uploads\/2016\/12\/Weihnachtsgru\u00df-624x457.jpg 624w, https:\/\/mariafrieden-hamminkeln.de\/wp-content\/uploads\/2016\/12\/Weihnachtsgru\u00df.jpg 1278w\" sizes=\"(max-width: 300px) 100vw, 300px\" \/><\/a><\/p>\n<p style=\"text-align: center;\">E<span style=\"font-family: comic sans ms,sans-serif;\">in frohes und<\/span><br \/>\n<span style=\"font-family: comic sans ms,sans-serif;\">gesegnetes Weihnachtsfest und<\/span><br \/>\n<span style=\"font-family: comic sans ms,sans-serif;\">Gottes reichen Segen f\u00fcr das Jahr 2017<\/span><br \/>\n<span style=\"font-family: comic sans ms,sans-serif;\">w\u00fcnscht Ihnen<\/span><\/p>\n<p style=\"text-align: center;\" align=\"center\"><span style=\"font-family: comic sans ms,sans-serif;\"><em>R. Lamers, Pfarrer<\/em><\/span><\/p>\n ","protected":false},"excerpt":{"rendered":"<p>In jener Nacht teilt Gott im Krippenkind von Betlehem dem Menschen sein Geheimnis mit und teilt es mit ihm auf dass er im Geheimnis dieses Kindes selbst heimisch werde wie Gott in jener Nacht Klaus J\u00e4kel, In: Pfarrbriefservice.de Ein frohes und gesegnetes Weihnachtsfest und Gottes reichen Segen f\u00fcr das Jahr 2017 w\u00fcnscht Ihnen R. Lamers, [&hellip;]<\/p>\n","protected":false},"author":1,"featured_media":0,"comment_status":"closed","ping_status":"open","sticky":false,"template":"","format":"standard","meta":{"footnotes":""},"categories":[1],"tags":[],"_links":{"self":[{"href":"https:\/\/mariafrieden-hamminkeln.de\/index.php?rest_route=\/wp\/v2\/posts\/3022"}],"collection":[{"href":"https:\/\/mariafrieden-hamminkeln.de\/index.php?rest_route=\/wp\/v2\/posts"}],"about":[{"href":"https:\/\/mariafrieden-hamminkeln.de\/index.php?rest_route=\/wp\/v2\/types\/post"}],"author":[{"embeddable":true,"href":"https:\/\/mariafrieden-hamminkeln.de\/index.php?rest_route=\/wp\/v2\/users\/1"}],"replies":[{"embeddable":true,"href":"https:\/\/mariafrieden-hamminkeln.de\/index.php?rest_route=%2Fwp%2Fv2%2Fcomments&post=3022"}],"version-history":[{"count":15,"href":"https:\/\/mariafrieden-hamminkeln.de\/index.php?rest_route=\/wp\/v2\/posts\/3022\/revisions"}],"predecessor-version":[{"id":3039,"href":"https:\/\/mariafrieden-hamminkeln.de\/index.php?rest_route=\/wp\/v2\/posts\/3022\/revisions\/3039"}],"wp:attachment":[{"href":"https:\/\/mariafrieden-hamminkeln.de\/index.php?rest_route=%2Fwp%2Fv2%2Fmedia&parent=3022"}],"wp:term":[{"taxonomy":"category","embeddable":true,"href":"https:\/\/mariafrieden-hamminkeln.de\/index.php?rest_route=%2Fwp%2Fv2%2Fcategories&post=3022"},{"taxonomy":"post_tag","embeddable":true,"href":"https:\/\/mariafrieden-hamminkeln.de\/index.php?rest_route=%2Fwp%2Fv2%2Ftags&post=3022"}],"curies":[{"name":"wp","href":"https:\/\/api.w.org\/{rel}","templated":true}]}}