{"id":3044,"date":"2016-11-16T08:07:26","date_gmt":"2016-11-16T08:07:26","guid":{"rendered":"http:\/\/mariafrieden-hamminkeln.de\/?p=3044"},"modified":"2016-11-22T16:01:40","modified_gmt":"2016-11-22T16:01:40","slug":"adventssammlung-der-gemeindecaritas","status":"publish","type":"post","link":"https:\/\/mariafrieden-hamminkeln.de\/?p=3044","title":{"rendered":"Adventssammlung der Gemeindecaritas"},"content":{"rendered":"<p><a href=\"http:\/\/mariafrieden-hamminkeln.de\/wp-content\/uploads\/2016\/10\/Caritas-e1477478237700.jpg\"><img loading=\"lazy\" decoding=\"async\" class=\"alignleft size-thumbnail wp-image-2887\" alt=\"Caritas\" src=\"http:\/\/mariafrieden-hamminkeln.de\/wp-content\/uploads\/2016\/10\/Caritas-e1477478237700-150x150.jpg\" width=\"150\" height=\"150\" \/><\/a><\/p>\n<p>Ab Montag, 21.11.2016, gehen unsere Helferinnen und Helfer der Caritas mit der Adventssammlung von Haus zu Haus und verteilen den neuen Pfarrbrief.<\/p>\n<p>Wir bitten um einen freundlichen Empfang und entsprechende Unterst\u00fctzung unserer Caritasarbeit hier vor Ort.<\/p>\n<p>Diese Sammelgelder werden ausschlie\u00dflich unter der Beratung der Caritasgruppe Dingden hier vor Ort ausgegeben.<\/p>\n<p>Wir finanzieren somit unser ganzes \u00f6rtliches Hilfsangebot ausschlie\u00dflich mit diesen Sammelgeldern.<\/p>\n<p>Wir wollen f\u00fcr die Menschen, die F\u00fcrsorge, F\u00fcrsprache und finanzielle Unterst\u00fctzung notwendig haben, hier in Dingden t\u00e4tig sein.<\/p>\n<p>Wir wollen f\u00fcr alle da sein: Fl\u00fcchtlinge, Behinderte, Alleinstehende, Familien, Alleinerziehende, Kinder oder auch Senioren.<\/p>\n<p>Ein besonderer Dank schon jetzt den \u00fcber 40 treuen und unerm\u00fcdlichen Sammlerinnen und Sammlern.<\/p>\n ","protected":false},"excerpt":{"rendered":"<p>Ab Montag, 21.11.2016, gehen unsere Helferinnen und Helfer der Caritas mit der Adventssammlung von Haus zu Haus und verteilen den neuen Pfarrbrief. Wir bitten um einen freundlichen Empfang und entsprechende Unterst\u00fctzung unserer Caritasarbeit hier vor Ort. Diese Sammelgelder werden ausschlie\u00dflich unter der Beratung der Caritasgruppe Dingden hier vor Ort ausgegeben. Wir finanzieren somit unser ganzes [&hellip;]<\/p>\n","protected":false},"author":1,"featured_media":0,"comment_status":"closed","ping_status":"open","sticky":false,"template":"","format":"standard","meta":{"footnotes":""},"categories":[1],"tags":[],"_links":{"self":[{"href":"https:\/\/mariafrieden-hamminkeln.de\/index.php?rest_route=\/wp\/v2\/posts\/3044"}],"collection":[{"href":"https:\/\/mariafrieden-hamminkeln.de\/index.php?rest_route=\/wp\/v2\/posts"}],"about":[{"href":"https:\/\/mariafrieden-hamminkeln.de\/index.php?rest_route=\/wp\/v2\/types\/post"}],"author":[{"embeddable":true,"href":"https:\/\/mariafrieden-hamminkeln.de\/index.php?rest_route=\/wp\/v2\/users\/1"}],"replies":[{"embeddable":true,"href":"https:\/\/mariafrieden-hamminkeln.de\/index.php?rest_route=%2Fwp%2Fv2%2Fcomments&post=3044"}],"version-history":[{"count":2,"href":"https:\/\/mariafrieden-hamminkeln.de\/index.php?rest_route=\/wp\/v2\/posts\/3044\/revisions"}],"predecessor-version":[{"id":3061,"href":"https:\/\/mariafrieden-hamminkeln.de\/index.php?rest_route=\/wp\/v2\/posts\/3044\/revisions\/3061"}],"wp:attachment":[{"href":"https:\/\/mariafrieden-hamminkeln.de\/index.php?rest_route=%2Fwp%2Fv2%2Fmedia&parent=3044"}],"wp:term":[{"taxonomy":"category","embeddable":true,"href":"https:\/\/mariafrieden-hamminkeln.de\/index.php?rest_route=%2Fwp%2Fv2%2Fcategories&post=3044"},{"taxonomy":"post_tag","embeddable":true,"href":"https:\/\/mariafrieden-hamminkeln.de\/index.php?rest_route=%2Fwp%2Fv2%2Ftags&post=3044"}],"curies":[{"name":"wp","href":"https:\/\/api.w.org\/{rel}","templated":true}]}}