{"id":3058,"date":"2016-11-21T10:07:01","date_gmt":"2016-11-21T10:07:01","guid":{"rendered":"http:\/\/mariafrieden-hamminkeln.de\/?p=3058"},"modified":"2016-12-12T06:08:16","modified_gmt":"2016-12-12T06:08:16","slug":"weihnachtsbasar-2016","status":"publish","type":"post","link":"https:\/\/mariafrieden-hamminkeln.de\/?p=3058","title":{"rendered":"Weihnachtsbasar 2016"},"content":{"rendered":"<p><a href=\"http:\/\/mariafrieden-hamminkeln.de\/wp-content\/uploads\/2016\/11\/201611211123_0001.jpg\"><img loading=\"lazy\" decoding=\"async\" class=\"alignleft size-large wp-image-3059\" alt=\"201611211123_0001\" src=\"http:\/\/mariafrieden-hamminkeln.de\/wp-content\/uploads\/2016\/11\/201611211123_0001-724x1024.jpg\" width=\"625\" height=\"883\" srcset=\"https:\/\/mariafrieden-hamminkeln.de\/wp-content\/uploads\/2016\/11\/201611211123_0001-724x1024.jpg 724w, https:\/\/mariafrieden-hamminkeln.de\/wp-content\/uploads\/2016\/11\/201611211123_0001-212x300.jpg 212w, https:\/\/mariafrieden-hamminkeln.de\/wp-content\/uploads\/2016\/11\/201611211123_0001-624x881.jpg 624w\" sizes=\"(max-width: 625px) 100vw, 625px\" \/><\/a><\/p>\n<p>&nbsp;<\/p>\n<p>&nbsp;<\/p>\n<p><span style=\"font-size: medium;\"><strong><span style=\"color: #ff0000;\">KAB Dingden Basarcafeteria am Klausenhof<\/span><\/strong><\/span><\/p>\n<p>Die KAB Dingden braucht f\u00fcr die Unterst\u00fctzung von \u00f6rtlichen Hilfsprojekten Ihre Hilfe:<\/p>\n<p>Sie wollen Ihr schmackhaftes Familien-Kuchenrezept der breiten \u00d6ffentlichkeit zug\u00e4nglich machen? Backen Sie einen Kuchen f\u00fcr die Basarcafeteria.<\/p>\n<p>Sie wollen gem\u00fctlich \u00fcber den Weihnachtsbasar des Klausenhofes schlendern? Parken Sie Ihren Mann beim Sp\u00fclen der 1500 Kaffeetassen und \u2013teller.<\/p>\n<p>Anschlie\u00dfend hat er bestimmt die zartesten H\u00e4nde, die er je gehabt hat. Und wir passen auf, dass er nichts kaputt macht.<\/p>\n<p>Nachfolgende Hilfsorganisationen aus Dingden wurden von der Generalversammlung der KAB Dingden bedacht: DPSG Pfadfinder Stamm Dingden, Erdbebenopfer in Nepal, die Wollm\u00e4use und die Fl\u00fcchtlingshilfe Dingden.<\/p>\n<p>Teilen Sie uns mit, ob am Samstag, 10.12.2016 von 14:00 \u2013 18:00 Uhr oder am<br \/>\nSonntag, 11.12.2016 von 09:30 \u2013 17:30 Uhr ihre Mithilfe zu Verf\u00fcgung steht.<\/p>\n<p>Ein Dank vorab von<br \/>\nNorbert Kasparek Tel.: 02852 \/ 9604542,<br \/>\nBeate B\u00f6ckenhoff Tel.: 02852 \/ 4542 und<br \/>\nManfred Leiting Tel.: 02852 \/ 4992.<\/p>\n ","protected":false},"excerpt":{"rendered":"<p>&nbsp; &nbsp; KAB Dingden Basarcafeteria am Klausenhof Die KAB Dingden braucht f\u00fcr die Unterst\u00fctzung von \u00f6rtlichen Hilfsprojekten Ihre Hilfe: Sie wollen Ihr schmackhaftes Familien-Kuchenrezept der breiten \u00d6ffentlichkeit zug\u00e4nglich machen? Backen Sie einen Kuchen f\u00fcr die Basarcafeteria. Sie wollen gem\u00fctlich \u00fcber den Weihnachtsbasar des Klausenhofes schlendern? Parken Sie Ihren Mann beim Sp\u00fclen der 1500 Kaffeetassen und [&hellip;]<\/p>\n","protected":false},"author":1,"featured_media":0,"comment_status":"closed","ping_status":"open","sticky":false,"template":"","format":"standard","meta":{"footnotes":""},"categories":[1],"tags":[],"_links":{"self":[{"href":"https:\/\/mariafrieden-hamminkeln.de\/index.php?rest_route=\/wp\/v2\/posts\/3058"}],"collection":[{"href":"https:\/\/mariafrieden-hamminkeln.de\/index.php?rest_route=\/wp\/v2\/posts"}],"about":[{"href":"https:\/\/mariafrieden-hamminkeln.de\/index.php?rest_route=\/wp\/v2\/types\/post"}],"author":[{"embeddable":true,"href":"https:\/\/mariafrieden-hamminkeln.de\/index.php?rest_route=\/wp\/v2\/users\/1"}],"replies":[{"embeddable":true,"href":"https:\/\/mariafrieden-hamminkeln.de\/index.php?rest_route=%2Fwp%2Fv2%2Fcomments&post=3058"}],"version-history":[{"count":5,"href":"https:\/\/mariafrieden-hamminkeln.de\/index.php?rest_route=\/wp\/v2\/posts\/3058\/revisions"}],"predecessor-version":[{"id":3111,"href":"https:\/\/mariafrieden-hamminkeln.de\/index.php?rest_route=\/wp\/v2\/posts\/3058\/revisions\/3111"}],"wp:attachment":[{"href":"https:\/\/mariafrieden-hamminkeln.de\/index.php?rest_route=%2Fwp%2Fv2%2Fmedia&parent=3058"}],"wp:term":[{"taxonomy":"category","embeddable":true,"href":"https:\/\/mariafrieden-hamminkeln.de\/index.php?rest_route=%2Fwp%2Fv2%2Fcategories&post=3058"},{"taxonomy":"post_tag","embeddable":true,"href":"https:\/\/mariafrieden-hamminkeln.de\/index.php?rest_route=%2Fwp%2Fv2%2Ftags&post=3058"}],"curies":[{"name":"wp","href":"https:\/\/api.w.org\/{rel}","templated":true}]}}