{"id":3311,"date":"2017-01-27T08:52:32","date_gmt":"2017-01-27T08:52:32","guid":{"rendered":"http:\/\/mariafrieden-hamminkeln.de\/?p=3311"},"modified":"2017-02-02T10:45:08","modified_gmt":"2017-02-02T10:45:08","slug":"gaby-bergforth-sagt-tschuess","status":"publish","type":"post","link":"https:\/\/mariafrieden-hamminkeln.de\/?p=3311","title":{"rendered":"Gaby Bergforth sagt Tsch\u00fc\u00df"},"content":{"rendered":"<p>Nach 38 aktiven und 6 passiven Jahre verabschiedet der Kindergarten St. Josef Gaby Bergforth. Frau Bergforth war 38 Jahre im Kindergarten t\u00e4tig, viele Jahre davon als Leitung.<\/p>\n<p>Vor 6 Jahren schied sie dann aus privaten Gr\u00fcnden aus dem aktiven Dienst aus.<\/p>\n<p>Bei einer kleinen Feier verabschiedete sich das Team des Kindergartens und einige ehemalige Kolleginnen von Frau Bergforth.<\/p>\n<p>Wir bedanken uns f\u00fcr die gute Zusammenarbeit und w\u00fcnschen ihr f\u00fcr ihren weiteren Lebensweg alles Gute.<\/p>\n<p><a href=\"http:\/\/mariafrieden-hamminkeln.de\/wp-content\/uploads\/2017\/01\/Verabschiedung-Gaby-Bergforth.jpg\"><img loading=\"lazy\" decoding=\"async\" class=\"aligncenter size-large wp-image-3321\" alt=\"Verabschiedung Gaby Bergforth\" src=\"http:\/\/mariafrieden-hamminkeln.de\/wp-content\/uploads\/2017\/01\/Verabschiedung-Gaby-Bergforth-e1485511540684-1024x724.jpg\" width=\"625\" height=\"441\" srcset=\"https:\/\/mariafrieden-hamminkeln.de\/wp-content\/uploads\/2017\/01\/Verabschiedung-Gaby-Bergforth-e1485511540684-1024x724.jpg 1024w, https:\/\/mariafrieden-hamminkeln.de\/wp-content\/uploads\/2017\/01\/Verabschiedung-Gaby-Bergforth-e1485511540684-300x212.jpg 300w\" sizes=\"(max-width: 625px) 100vw, 625px\" \/><\/a><\/p>\n ","protected":false},"excerpt":{"rendered":"<p>Nach 38 aktiven und 6 passiven Jahre verabschiedet der Kindergarten St. Josef Gaby Bergforth. Frau Bergforth war 38 Jahre im Kindergarten t\u00e4tig, viele Jahre davon als Leitung. Vor 6 Jahren schied sie dann aus privaten Gr\u00fcnden aus dem aktiven Dienst aus. Bei einer kleinen Feier verabschiedete sich das Team des Kindergartens und einige ehemalige Kolleginnen [&hellip;]<\/p>\n","protected":false},"author":1,"featured_media":0,"comment_status":"closed","ping_status":"open","sticky":false,"template":"","format":"standard","meta":{"footnotes":""},"categories":[1],"tags":[],"_links":{"self":[{"href":"https:\/\/mariafrieden-hamminkeln.de\/index.php?rest_route=\/wp\/v2\/posts\/3311"}],"collection":[{"href":"https:\/\/mariafrieden-hamminkeln.de\/index.php?rest_route=\/wp\/v2\/posts"}],"about":[{"href":"https:\/\/mariafrieden-hamminkeln.de\/index.php?rest_route=\/wp\/v2\/types\/post"}],"author":[{"embeddable":true,"href":"https:\/\/mariafrieden-hamminkeln.de\/index.php?rest_route=\/wp\/v2\/users\/1"}],"replies":[{"embeddable":true,"href":"https:\/\/mariafrieden-hamminkeln.de\/index.php?rest_route=%2Fwp%2Fv2%2Fcomments&post=3311"}],"version-history":[{"count":2,"href":"https:\/\/mariafrieden-hamminkeln.de\/index.php?rest_route=\/wp\/v2\/posts\/3311\/revisions"}],"predecessor-version":[{"id":3322,"href":"https:\/\/mariafrieden-hamminkeln.de\/index.php?rest_route=\/wp\/v2\/posts\/3311\/revisions\/3322"}],"wp:attachment":[{"href":"https:\/\/mariafrieden-hamminkeln.de\/index.php?rest_route=%2Fwp%2Fv2%2Fmedia&parent=3311"}],"wp:term":[{"taxonomy":"category","embeddable":true,"href":"https:\/\/mariafrieden-hamminkeln.de\/index.php?rest_route=%2Fwp%2Fv2%2Fcategories&post=3311"},{"taxonomy":"post_tag","embeddable":true,"href":"https:\/\/mariafrieden-hamminkeln.de\/index.php?rest_route=%2Fwp%2Fv2%2Ftags&post=3311"}],"curies":[{"name":"wp","href":"https:\/\/api.w.org\/{rel}","templated":true}]}}