{"id":3335,"date":"2017-02-06T07:52:05","date_gmt":"2017-02-06T07:52:05","guid":{"rendered":"http:\/\/mariafrieden-hamminkeln.de\/?p=3335"},"modified":"2017-02-13T11:23:53","modified_gmt":"2017-02-13T11:23:53","slug":"kevelaer-fusswallfahrt","status":"publish","type":"post","link":"https:\/\/mariafrieden-hamminkeln.de\/?p=3335","title":{"rendered":"Kevelaer-Fu\u00dfwallfahrt"},"content":{"rendered":"<p>Liebe Pilgerinnen und Pilger,<\/p>\n<p>wir m\u00f6chten auf unser Treffen <b>am Freitag,<\/b> <b>10.02.2017 um 19:30 Uhr<\/b> im Pfarrheim in Dingden hinweisen. Dann werden wir einen kurzen Blick zur\u00fcckwerfen und gleichzeitig die Anmeldung f\u00fcr die Wallfahrt 2017 annehmen.<\/p>\n<p><b>Bitte schon einmal den Termin f\u00fcr die 43. Wallfahrt vormerken: <\/b><\/p>\n<p><b>10.\/11. Juni 2017.<\/b><\/p>\n<p>Mit freundlichen Gr\u00fc\u00dfen<\/p>\n<p>das Pilgerorgateam \/ Thomas Kruse<\/p>\n ","protected":false},"excerpt":{"rendered":"<p>Liebe Pilgerinnen und Pilger, wir m\u00f6chten auf unser Treffen am Freitag, 10.02.2017 um 19:30 Uhr im Pfarrheim in Dingden hinweisen. Dann werden wir einen kurzen Blick zur\u00fcckwerfen und gleichzeitig die Anmeldung f\u00fcr die Wallfahrt 2017 annehmen. Bitte schon einmal den Termin f\u00fcr die 43. Wallfahrt vormerken: 10.\/11. Juni 2017. Mit freundlichen Gr\u00fc\u00dfen das Pilgerorgateam \/ [&hellip;]<\/p>\n","protected":false},"author":1,"featured_media":0,"comment_status":"closed","ping_status":"open","sticky":false,"template":"","format":"standard","meta":{"footnotes":""},"categories":[1],"tags":[],"_links":{"self":[{"href":"https:\/\/mariafrieden-hamminkeln.de\/index.php?rest_route=\/wp\/v2\/posts\/3335"}],"collection":[{"href":"https:\/\/mariafrieden-hamminkeln.de\/index.php?rest_route=\/wp\/v2\/posts"}],"about":[{"href":"https:\/\/mariafrieden-hamminkeln.de\/index.php?rest_route=\/wp\/v2\/types\/post"}],"author":[{"embeddable":true,"href":"https:\/\/mariafrieden-hamminkeln.de\/index.php?rest_route=\/wp\/v2\/users\/1"}],"replies":[{"embeddable":true,"href":"https:\/\/mariafrieden-hamminkeln.de\/index.php?rest_route=%2Fwp%2Fv2%2Fcomments&post=3335"}],"version-history":[{"count":1,"href":"https:\/\/mariafrieden-hamminkeln.de\/index.php?rest_route=\/wp\/v2\/posts\/3335\/revisions"}],"predecessor-version":[{"id":3336,"href":"https:\/\/mariafrieden-hamminkeln.de\/index.php?rest_route=\/wp\/v2\/posts\/3335\/revisions\/3336"}],"wp:attachment":[{"href":"https:\/\/mariafrieden-hamminkeln.de\/index.php?rest_route=%2Fwp%2Fv2%2Fmedia&parent=3335"}],"wp:term":[{"taxonomy":"category","embeddable":true,"href":"https:\/\/mariafrieden-hamminkeln.de\/index.php?rest_route=%2Fwp%2Fv2%2Fcategories&post=3335"},{"taxonomy":"post_tag","embeddable":true,"href":"https:\/\/mariafrieden-hamminkeln.de\/index.php?rest_route=%2Fwp%2Fv2%2Ftags&post=3335"}],"curies":[{"name":"wp","href":"https:\/\/api.w.org\/{rel}","templated":true}]}}