{"id":3338,"date":"2017-02-10T07:07:06","date_gmt":"2017-02-10T07:07:06","guid":{"rendered":"http:\/\/mariafrieden-hamminkeln.de\/?p=3338"},"modified":"2017-02-23T07:41:46","modified_gmt":"2017-02-23T07:41:46","slug":"moebel-fuer-pater-john","status":"publish","type":"post","link":"https:\/\/mariafrieden-hamminkeln.de\/?p=3338","title":{"rendered":"M\u00f6bel f\u00fcr Pater John"},"content":{"rendered":"<p>Die Umbauma\u00dfnahmen im Pfarrhaus Hamminkeln sind fast abgeschlossen. Pater John sucht f\u00fcr seine zuk\u00fcnftige Wohnung einige Einrichtungsgegenst\u00e4nde (u. a. Waschmaschine und Trockner) und M\u00f6bel. Bis auf eine K\u00fcchenzeile, die sich in der Wohnung befindet, kann er s\u00e4mtliche gut erhaltene M\u00f6bel und Einrichtungsgegenst\u00e4nde gebrauchen.<\/p>\n<p>Bitte melden Sie sich bei Pater John unter der Mobilnummer: 0151 68568563.<br \/>\nPater John wird sich bei Ihnen melden, um die M\u00f6bel in Augenschein zu nehmen.<\/p>\n<p>Danke f\u00fcr Ihre Unterst\u00fctzung!<\/p>\n<p><em>R. Lamers, Pfr.<\/em><\/p>\n ","protected":false},"excerpt":{"rendered":"<p>Die Umbauma\u00dfnahmen im Pfarrhaus Hamminkeln sind fast abgeschlossen. Pater John sucht f\u00fcr seine zuk\u00fcnftige Wohnung einige Einrichtungsgegenst\u00e4nde (u. a. Waschmaschine und Trockner) und M\u00f6bel. Bis auf eine K\u00fcchenzeile, die sich in der Wohnung befindet, kann er s\u00e4mtliche gut erhaltene M\u00f6bel und Einrichtungsgegenst\u00e4nde gebrauchen. Bitte melden Sie sich bei Pater John unter der Mobilnummer: 0151 68568563. [&hellip;]<\/p>\n","protected":false},"author":1,"featured_media":0,"comment_status":"closed","ping_status":"open","sticky":false,"template":"","format":"standard","meta":{"footnotes":""},"categories":[1],"tags":[],"_links":{"self":[{"href":"https:\/\/mariafrieden-hamminkeln.de\/index.php?rest_route=\/wp\/v2\/posts\/3338"}],"collection":[{"href":"https:\/\/mariafrieden-hamminkeln.de\/index.php?rest_route=\/wp\/v2\/posts"}],"about":[{"href":"https:\/\/mariafrieden-hamminkeln.de\/index.php?rest_route=\/wp\/v2\/types\/post"}],"author":[{"embeddable":true,"href":"https:\/\/mariafrieden-hamminkeln.de\/index.php?rest_route=\/wp\/v2\/users\/1"}],"replies":[{"embeddable":true,"href":"https:\/\/mariafrieden-hamminkeln.de\/index.php?rest_route=%2Fwp%2Fv2%2Fcomments&post=3338"}],"version-history":[{"count":2,"href":"https:\/\/mariafrieden-hamminkeln.de\/index.php?rest_route=\/wp\/v2\/posts\/3338\/revisions"}],"predecessor-version":[{"id":3346,"href":"https:\/\/mariafrieden-hamminkeln.de\/index.php?rest_route=\/wp\/v2\/posts\/3338\/revisions\/3346"}],"wp:attachment":[{"href":"https:\/\/mariafrieden-hamminkeln.de\/index.php?rest_route=%2Fwp%2Fv2%2Fmedia&parent=3338"}],"wp:term":[{"taxonomy":"category","embeddable":true,"href":"https:\/\/mariafrieden-hamminkeln.de\/index.php?rest_route=%2Fwp%2Fv2%2Fcategories&post=3338"},{"taxonomy":"post_tag","embeddable":true,"href":"https:\/\/mariafrieden-hamminkeln.de\/index.php?rest_route=%2Fwp%2Fv2%2Ftags&post=3338"}],"curies":[{"name":"wp","href":"https:\/\/api.w.org\/{rel}","templated":true}]}}