{"id":3528,"date":"2017-04-09T00:01:40","date_gmt":"2017-04-09T00:01:40","guid":{"rendered":"http:\/\/mariafrieden-hamminkeln.de\/?p=3528"},"modified":"2017-06-01T07:40:40","modified_gmt":"2017-06-01T07:40:40","slug":"artikel-fuer-den-pfarrbrief-sommer-2017","status":"publish","type":"post","link":"https:\/\/mariafrieden-hamminkeln.de\/?p=3528","title":{"rendered":"Artikel f\u00fcr den Pfarrbrief Sommer 2017"},"content":{"rendered":"<p><span style=\"color: #ff0000; font-size: large;\"><strong>Redaktionsschluss f\u00fcr alle Beitr\u00e4ge ist der 30. Mai.<\/strong><\/span><\/p>\n<p><a href=\"http:\/\/mariafrieden-hamminkeln.de\/wp-content\/uploads\/2014\/06\/Pfarrbrief-Advent-2013_Seite_01.jpg\"><img loading=\"lazy\" decoding=\"async\" class=\"alignleft size-thumbnail wp-image-667\" alt=\"Pfarrbrief-Advent-2013_Seite_01\" src=\"http:\/\/mariafrieden-hamminkeln.de\/wp-content\/uploads\/2014\/06\/Pfarrbrief-Advent-2013_Seite_01-150x150.jpg\" width=\"150\" height=\"150\" srcset=\"https:\/\/mariafrieden-hamminkeln.de\/wp-content\/uploads\/2014\/06\/Pfarrbrief-Advent-2013_Seite_01-150x150.jpg 150w, https:\/\/mariafrieden-hamminkeln.de\/wp-content\/uploads\/2014\/06\/Pfarrbrief-Advent-2013_Seite_01-300x300.jpg 300w, https:\/\/mariafrieden-hamminkeln.de\/wp-content\/uploads\/2014\/06\/Pfarrbrief-Advent-2013_Seite_01-1024x1024.jpg 1024w, https:\/\/mariafrieden-hamminkeln.de\/wp-content\/uploads\/2014\/06\/Pfarrbrief-Advent-2013_Seite_01-624x624.jpg 624w, https:\/\/mariafrieden-hamminkeln.de\/wp-content\/uploads\/2014\/06\/Pfarrbrief-Advent-2013_Seite_01.jpg 1693w\" sizes=\"(max-width: 150px) 100vw, 150px\" \/><\/a>Zum Sommer soll ein neuer Pfarrbrief unserer Pfarrei Maria Frieden entstehen. Darin wird &#8211; wie bisher \u2013 auch das Leben in unseren Gemeinden in Dingden, Hamminkeln, Loikum, Mehrhoog und Ringenberg vorgestellt. Das Redaktionsteam bittet daher alle Gruppierungen, Verb\u00e4nde und Initiativen, wieder in Wort und Bild \u00fcber ihre Aktivit\u00e4ten zu berichten.<br \/>\nArtikel k\u00f6nnen an <a href=\"mailto:joosten-s@bistum-muenster.de\">joosten-s@bistum-muenster.de<\/a> geschickt werden.<\/p>\n<p>&nbsp;<\/p>\n ","protected":false},"excerpt":{"rendered":"<p>Redaktionsschluss f\u00fcr alle Beitr\u00e4ge ist der 30. Mai. Zum Sommer soll ein neuer Pfarrbrief unserer Pfarrei Maria Frieden entstehen. Darin wird &#8211; wie bisher \u2013 auch das Leben in unseren Gemeinden in Dingden, Hamminkeln, Loikum, Mehrhoog und Ringenberg vorgestellt. Das Redaktionsteam bittet daher alle Gruppierungen, Verb\u00e4nde und Initiativen, wieder in Wort und Bild \u00fcber ihre [&hellip;]<\/p>\n","protected":false},"author":1,"featured_media":0,"comment_status":"closed","ping_status":"open","sticky":false,"template":"","format":"standard","meta":{"footnotes":""},"categories":[1],"tags":[],"_links":{"self":[{"href":"https:\/\/mariafrieden-hamminkeln.de\/index.php?rest_route=\/wp\/v2\/posts\/3528"}],"collection":[{"href":"https:\/\/mariafrieden-hamminkeln.de\/index.php?rest_route=\/wp\/v2\/posts"}],"about":[{"href":"https:\/\/mariafrieden-hamminkeln.de\/index.php?rest_route=\/wp\/v2\/types\/post"}],"author":[{"embeddable":true,"href":"https:\/\/mariafrieden-hamminkeln.de\/index.php?rest_route=\/wp\/v2\/users\/1"}],"replies":[{"embeddable":true,"href":"https:\/\/mariafrieden-hamminkeln.de\/index.php?rest_route=%2Fwp%2Fv2%2Fcomments&post=3528"}],"version-history":[{"count":9,"href":"https:\/\/mariafrieden-hamminkeln.de\/index.php?rest_route=\/wp\/v2\/posts\/3528\/revisions"}],"predecessor-version":[{"id":3761,"href":"https:\/\/mariafrieden-hamminkeln.de\/index.php?rest_route=\/wp\/v2\/posts\/3528\/revisions\/3761"}],"wp:attachment":[{"href":"https:\/\/mariafrieden-hamminkeln.de\/index.php?rest_route=%2Fwp%2Fv2%2Fmedia&parent=3528"}],"wp:term":[{"taxonomy":"category","embeddable":true,"href":"https:\/\/mariafrieden-hamminkeln.de\/index.php?rest_route=%2Fwp%2Fv2%2Fcategories&post=3528"},{"taxonomy":"post_tag","embeddable":true,"href":"https:\/\/mariafrieden-hamminkeln.de\/index.php?rest_route=%2Fwp%2Fv2%2Ftags&post=3528"}],"curies":[{"name":"wp","href":"https:\/\/api.w.org\/{rel}","templated":true}]}}