{"id":3803,"date":"2017-05-04T10:43:10","date_gmt":"2017-05-04T10:43:10","guid":{"rendered":"http:\/\/mariafrieden-hamminkeln.de\/?p=3803"},"modified":"2017-06-29T07:31:28","modified_gmt":"2017-06-29T07:31:28","slug":"projekt-umbauarbeiten-in-der-kirche-christus-koenig-ringenberg","status":"publish","type":"post","link":"https:\/\/mariafrieden-hamminkeln.de\/?p=3803","title":{"rendered":"Umbauarbeiten in der Kirche Christus\u2013K\u00f6nig \u2013 Ringenberg"},"content":{"rendered":"<p><b><span style=\"text-decoration: underline;\"><a href=\"http:\/\/mariafrieden-hamminkeln.de\/wp-content\/uploads\/2014\/03\/christuskoenig.jpg\"><img loading=\"lazy\" decoding=\"async\" class=\"alignleft size-thumbnail wp-image-164\" alt=\"christuskoenig\" src=\"http:\/\/mariafrieden-hamminkeln.de\/wp-content\/uploads\/2014\/03\/christuskoenig-150x150.jpg\" width=\"150\" height=\"150\" srcset=\"https:\/\/mariafrieden-hamminkeln.de\/wp-content\/uploads\/2014\/03\/christuskoenig-150x150.jpg 150w, https:\/\/mariafrieden-hamminkeln.de\/wp-content\/uploads\/2014\/03\/christuskoenig.jpg 200w\" sizes=\"(max-width: 150px) 100vw, 150px\" \/><\/a>1.\u00a0 Geplante Ma\u00dfnahmen:<\/span><\/b><\/p>\n<p><b><b>Kirchenraum:<br \/>\n<\/b><\/b><\/p>\n<ul>\n<li>Erneuerung des Innenanstrichs &#8211; Kirchenraum, Sakristei, Heizungsraum<\/li>\n<li>Entfernen der Korkd\u00e4mmung oberhalb der Decke \u00fcber dem Kirchraum im Bereich der Revisions\u00f6ffnungen f\u00fcr Beleuchtung<\/li>\n<li><!--more-->\u00dcberpr\u00fcfung der Tragfestigkeit der Holzdecke \u00fcber dem Altarraum<\/li>\n<li>Herstellen von 6 Revisions\u00f6ffnungen in Decke \u00fcber Altarraum<\/li>\n<li>Herstellen einer behindertengerechten Rampe zur Taufkapelle mit Gel\u00e4nder<\/li>\n<li>Lieferung und Herstellung von 4 Sitzb\u00e4nken f\u00fcr die Taufkapelle<\/li>\n<li>Teilr\u00fcckbau an der Sitzbank\/1.Reihe f\u00fcr Stellplatz Rollstuhlfahrer<\/li>\n<li>Versetzen Sockel Pieta<\/li>\n<li>Versetzen Taufbecken<\/li>\n<li>Erneuerung der Elektro-Installation<\/li>\n<li>Erneuerung der Beleuchtungsanlage, Beleuchtungskonzept<\/li>\n<li>Erneuerung der Liedanzeige<\/li>\n<li>Ausbesserungsarbeiten am Fliesenbelag im Kirchenraum<\/li>\n<li>Seiten-Eingangst\u00fcr mit \u00d6ffnungsvorrichtung f\u00fcr Rollstuhlfahrer ausstatten<\/li>\n<\/ul>\n<p><b>Sakristei:<br \/>\n<\/b><\/p>\n<ul>\n<li>Bodenfliesenbelag im Sakristeiraum<\/li>\n<li>Holzbekleidung an Wand und Decke entfernen<\/li>\n<li>Einbau einer Gipskartondecke<\/li>\n<\/ul>\n<p><b><span style=\"text-decoration: underline;\">2. Gesamtkosten gem. Kostensch\u00e4tzung:<br \/>\n<\/span><\/b>ca. 300.000,00 \u20acuro incl. Baunebenkosten und incl. 19 % MwSt.<br \/>\nzuz\u00fcglich Reinigung der Orgel (eigene Ma\u00dfnahme)<\/p>\n<p><b><span style=\"text-decoration: underline;\">3. Finanzierung der Ma\u00dfnahme:<br \/>\n<\/span><\/b>Bistumsmittel\u00a0\u00a0\u00a0\u00a0\u00a0\u00a0\u00a0\u00a0\u00a0\u00a0\u00a0\u00a0\u00a0\u00a0\u00a0\u00a0\u00a0\u00a0\u00a0\u00a0\u00a0\u00a0\u00a0\u00a0\u00a0\u00a0\u00a0\u00a0\u00a0\u00a0\u00a0\u00a0\u00a0\u00a0\u00a0\u00a0\u00a0\u00a0\u00a0\u00a0\u00a0\u00a0\u00a0\u00a0\u00a0\u00a0\u00a0\u00a0\u00a0\u00a0 \u00a0\u00a0\u00a0\u00a0\u00a0\u00a0\u00a0\u00a0\u00a0\u00a0\u00a0 \u00a0\u00a0\u00a0\u00a0\u00a0\u00a0\u00a0\u00a0\u00a0\u00a0\u00a0 \u00a0\u00a0\u00a0\u00a0\u00a0\u00a0\u00a0\u00a0\u00a0\u00a0 150.000,00 \u20ac<br \/>\nZweckr\u00fccklage Kirchbau Ringenberg (Spendeneingang)\u00a0\u00a0\u00a0\u00a0\u00a0\u00a0\u00a0\u00a0\u00a0\u00a0\u00a0\u00a0 \u00a0 25.000,00 \u20ac<br \/>\nKollekten\/Spenden (noch aufzubringen!)\u00a0\u00a0\u00a0\u00a0\u00a0\u00a0\u00a0\u00a0\u00a0\u00a0\u00a0\u00a0\u00a0\u00a0\u00a0\u00a0\u00a0\u00a0\u00a0\u00a0\u00a0\u00a0\u00a0\u00a0\u00a0\u00a0\u00a0\u00a0\u00a0\u00a0\u00a0\u00a0\u00a0\u00a0\u00a0\u00a0\u00a0\u00a0\u00a0\u00a0\u00a0 20.000,00 \u20ac<br \/>\nAllgemeine R\u00fccklage der Kirchengemeinde \u00a0\u00a0\u00a0\u00a0\u00a0\u00a0\u00a0\u00a0\u00a0\u00a0\u00a0\u00a0\u00a0\u00a0\u00a0\u00a0\u00a0\u00a0\u00a0\u00a0\u00a0\u00a0\u00a0\u00a0\u00a0\u00a0\u00a0\u00a0\u00a0\u00a0\u00a0\u00a0\u00a0 105.000,00 \u20ac<\/p>\n<p><b><span style=\"text-decoration: underline;\">4. Planung und Bauleitung:<br \/>\n<\/span><\/b>Architekturb\u00fcro Theo B\u00fcning, Antoniusstra\u00dfe 23, 46499 Hamminkeln<\/p>\n<p><b><span style=\"text-decoration: underline;\">5. Zeitplan:<br \/>\n<\/span><\/b>Die Durchf\u00fchrung ist geplant in der Zeit vom 10.\u00a0 Juli bis 8. September 2017<b>.<br \/>\n<\/b>Dazu wird die Kirche geschlossen.<\/p>\n<p><b><span style=\"text-decoration: underline;\">6. Gottesdienste in Ringenberg w\u00e4hrend der Renovierungs- und Umbauzeit:<br \/>\n<\/span><\/b>Sonntags- und Werktagsmesse:\u00a0 Pfarrheim Ringenberg<br \/>\nBeerdigungsmessen:\u00a0\u00a0\u00a0\u00a0\u00a0\u00a0\u00a0\u00a0\u00a0\u00a0\u00a0\u00a0\u00a0\u00a0 \u00a0\u00a0\u00a0\u00a0\u00a0 nach Absprache (z. B. : Dingden, Pankratiuskirche)<br \/>\nTauffeiern:\u00a0\u00a0\u00a0\u00a0\u00a0\u00a0\u00a0\u00a0\u00a0\u00a0\u00a0\u00a0\u00a0\u00a0\u00a0\u00a0\u00a0\u00a0\u00a0\u00a0\u00a0\u00a0\u00a0\u00a0\u00a0\u00a0\u00a0\u00a0\u00a0\u00a0 \u00a0\u00a0\u00a0\u00a0\u00a0\u00a0\u00a0 Dingden<\/p>\n<p>&nbsp;<\/p>\n ","protected":false},"excerpt":{"rendered":"<p>1.\u00a0 Geplante Ma\u00dfnahmen: Kirchenraum: Erneuerung des Innenanstrichs &#8211; Kirchenraum, Sakristei, Heizungsraum Entfernen der Korkd\u00e4mmung oberhalb der Decke \u00fcber dem Kirchraum im Bereich der Revisions\u00f6ffnungen f\u00fcr Beleuchtung<\/p>\n","protected":false},"author":1,"featured_media":0,"comment_status":"closed","ping_status":"open","sticky":false,"template":"","format":"standard","meta":{"footnotes":""},"categories":[1],"tags":[],"_links":{"self":[{"href":"https:\/\/mariafrieden-hamminkeln.de\/index.php?rest_route=\/wp\/v2\/posts\/3803"}],"collection":[{"href":"https:\/\/mariafrieden-hamminkeln.de\/index.php?rest_route=\/wp\/v2\/posts"}],"about":[{"href":"https:\/\/mariafrieden-hamminkeln.de\/index.php?rest_route=\/wp\/v2\/types\/post"}],"author":[{"embeddable":true,"href":"https:\/\/mariafrieden-hamminkeln.de\/index.php?rest_route=\/wp\/v2\/users\/1"}],"replies":[{"embeddable":true,"href":"https:\/\/mariafrieden-hamminkeln.de\/index.php?rest_route=%2Fwp%2Fv2%2Fcomments&post=3803"}],"version-history":[{"count":2,"href":"https:\/\/mariafrieden-hamminkeln.de\/index.php?rest_route=\/wp\/v2\/posts\/3803\/revisions"}],"predecessor-version":[{"id":3805,"href":"https:\/\/mariafrieden-hamminkeln.de\/index.php?rest_route=\/wp\/v2\/posts\/3803\/revisions\/3805"}],"wp:attachment":[{"href":"https:\/\/mariafrieden-hamminkeln.de\/index.php?rest_route=%2Fwp%2Fv2%2Fmedia&parent=3803"}],"wp:term":[{"taxonomy":"category","embeddable":true,"href":"https:\/\/mariafrieden-hamminkeln.de\/index.php?rest_route=%2Fwp%2Fv2%2Fcategories&post=3803"},{"taxonomy":"post_tag","embeddable":true,"href":"https:\/\/mariafrieden-hamminkeln.de\/index.php?rest_route=%2Fwp%2Fv2%2Ftags&post=3803"}],"curies":[{"name":"wp","href":"https:\/\/api.w.org\/{rel}","templated":true}]}}