{"id":5272,"date":"2018-03-28T06:31:34","date_gmt":"2018-03-28T06:31:34","guid":{"rendered":"http:\/\/mariafrieden-hamminkeln.de\/?p=5272"},"modified":"2018-04-06T08:02:44","modified_gmt":"2018-04-06T08:02:44","slug":"tagesfahrt-zum-katholikentag-in-muenster","status":"publish","type":"post","link":"https:\/\/mariafrieden-hamminkeln.de\/?p=5272","title":{"rendered":"Tagesfahrt zum Katholikentag in M\u00fcnster"},"content":{"rendered":"<p><a href=\"http:\/\/mariafrieden-hamminkeln.de\/wp-content\/uploads\/2018\/03\/Katholikentag-Logo.png\"><img loading=\"lazy\" decoding=\"async\" class=\"alignleft size-medium wp-image-5275\" alt=\"Katholikentag Logo\" src=\"http:\/\/mariafrieden-hamminkeln.de\/wp-content\/uploads\/2018\/03\/Katholikentag-Logo-300x180.png\" width=\"300\" height=\"180\" srcset=\"https:\/\/mariafrieden-hamminkeln.de\/wp-content\/uploads\/2018\/03\/Katholikentag-Logo-300x180.png 300w, https:\/\/mariafrieden-hamminkeln.de\/wp-content\/uploads\/2018\/03\/Katholikentag-Logo.png 351w\" sizes=\"(max-width: 300px) 100vw, 300px\" \/><\/a><br \/>\nWir planen f\u00fcr den <span style=\"color: #ff0000;\"><strong>11. Mai<\/strong><\/span> eine Tagesfahrt zum Katholikentag nach M\u00fcnster.<\/p>\n<p>Die Fahrt kostet 20 \u20ac p. P.<\/p>\n<p>Die Abfahrt in Hamminkeln ist f\u00fcr 7:30 Uhr, die R\u00fcckkehr f\u00fcr 22:30 Uhr geplant.<\/p>\n<p>Wer interessiert ist, meldet sich bitte bei C. Kreienkamp,<br \/>\n02852 \/ 960809-430, <a href=\"mailto:kreienkamp@bistum-muenster.de\">kreienkamp@bistum-muenster.de<\/a>.<\/p>\n ","protected":false},"excerpt":{"rendered":"<p>Wir planen f\u00fcr den 11. Mai eine Tagesfahrt zum Katholikentag nach M\u00fcnster. Die Fahrt kostet 20 \u20ac p. P. Die Abfahrt in Hamminkeln ist f\u00fcr 7:30 Uhr, die R\u00fcckkehr f\u00fcr 22:30 Uhr geplant. Wer interessiert ist, meldet sich bitte bei C. Kreienkamp, 02852 \/ 960809-430, kreienkamp@bistum-muenster.de.<\/p>\n","protected":false},"author":1,"featured_media":0,"comment_status":"closed","ping_status":"open","sticky":false,"template":"","format":"standard","meta":{"footnotes":""},"categories":[1],"tags":[],"_links":{"self":[{"href":"https:\/\/mariafrieden-hamminkeln.de\/index.php?rest_route=\/wp\/v2\/posts\/5272"}],"collection":[{"href":"https:\/\/mariafrieden-hamminkeln.de\/index.php?rest_route=\/wp\/v2\/posts"}],"about":[{"href":"https:\/\/mariafrieden-hamminkeln.de\/index.php?rest_route=\/wp\/v2\/types\/post"}],"author":[{"embeddable":true,"href":"https:\/\/mariafrieden-hamminkeln.de\/index.php?rest_route=\/wp\/v2\/users\/1"}],"replies":[{"embeddable":true,"href":"https:\/\/mariafrieden-hamminkeln.de\/index.php?rest_route=%2Fwp%2Fv2%2Fcomments&post=5272"}],"version-history":[{"count":3,"href":"https:\/\/mariafrieden-hamminkeln.de\/index.php?rest_route=\/wp\/v2\/posts\/5272\/revisions"}],"predecessor-version":[{"id":5278,"href":"https:\/\/mariafrieden-hamminkeln.de\/index.php?rest_route=\/wp\/v2\/posts\/5272\/revisions\/5278"}],"wp:attachment":[{"href":"https:\/\/mariafrieden-hamminkeln.de\/index.php?rest_route=%2Fwp%2Fv2%2Fmedia&parent=5272"}],"wp:term":[{"taxonomy":"category","embeddable":true,"href":"https:\/\/mariafrieden-hamminkeln.de\/index.php?rest_route=%2Fwp%2Fv2%2Fcategories&post=5272"},{"taxonomy":"post_tag","embeddable":true,"href":"https:\/\/mariafrieden-hamminkeln.de\/index.php?rest_route=%2Fwp%2Fv2%2Ftags&post=5272"}],"curies":[{"name":"wp","href":"https:\/\/api.w.org\/{rel}","templated":true}]}}