{"id":6341,"date":"2018-11-23T07:20:03","date_gmt":"2018-11-23T07:20:03","guid":{"rendered":"https:\/\/mariafrieden-hamminkeln.de\/?p=6341"},"modified":"2018-12-03T07:47:50","modified_gmt":"2018-12-03T07:47:50","slug":"adventssammlung-der-gemeindecaritas-2018-hoffnung-geben","status":"publish","type":"post","link":"https:\/\/mariafrieden-hamminkeln.de\/?p=6341","title":{"rendered":"Adventssammlung der Gemeindecaritas 2018: Hoffnung geben"},"content":{"rendered":"<p><img loading=\"lazy\" decoding=\"async\" class=\"alignleft size-thumbnail wp-image-3645\" src=\"https:\/\/mariafrieden-hamminkeln.de\/wp-content\/uploads\/2017\/04\/Caritas-150x150.jpg\" alt=\"\" width=\"150\" height=\"150\" \/><span style=\"color: #ff0000;\"><strong>Ab Freitag, den 23. November\u00a0 <\/strong><\/span>gehen unsere Helferinnen und Helfer der Caritas mit der Adventssammlung in Dingden von Haus zu Haus und verteilen den neuen Pfarrbrief. Etwa 2100 Pfarrbriefe werden an alle Haushalte verteilt.<\/p>\n<p>Wir bitten um einen freundlichen Empfang und entsprechende Unterst\u00fctzung unserer Caritasarbeit hier\u00a0 in Dingden.<\/p>\n<p><!--more-->Diese Sammelgelder werden <strong>ausschlie\u00dflich unter der Beratung der Caritasgruppe\u00a0 Dingden<\/strong> \u00a0ausgegeben. Wir finanzieren somit unser ganzes \u00f6rtliches Hilfsangebot \u00a0ausschlie\u00dflich mit diesen Sammelgeldern. Wir wollen f\u00fcr die Menschen, die F\u00fcrsorge, F\u00fcrsprache und finanzielle Unterst\u00fctzung notwendig haben, hier in Dingden t\u00e4tig sein. Wir unterst\u00fctzen: \u00a0Fl\u00fcchtlinge, Behinderte, Alleinstehende, Familien, Alleinerziehende, Kinder oder auch Senioren.<\/p>\n<p>Da <strong>drei<\/strong> Helferinnen bzw. Helfer pl\u00f6tzlich ausgefallen sind, suchen wir dringend f\u00fcr die Verteilung der Pfarrbriefe und f\u00fcr die Haussammlung in den Bereichen: <strong>Lankern<\/strong> vorne, <strong>Klausenhofstr.<\/strong>\/ L\u00e4rchenweg und <strong>Kondringstr.\/<\/strong> Pa\u00dfter Weg \u00a0jetzt\u00a0 drei weitere Helferinnen oder \u00a0Helfer.<\/p>\n<p><strong>Kurzfristige Meldung<\/strong> und Info beim \u00a0Diakon Heinz Grunden 02856 \/ 1356.<\/p>\n<p>Ein besonderer Dank schon jetzt den \u00fcber 40 treuen und unerm\u00fcdlichen Sammlerinnen und Sammlern.<\/p>\n<p>Unsere Sammlerinnen und Sammler sind ein Zeichen der Hoffnung und mit ihrer Spende an die \u00f6rtliche Caritas geben Sie ein Zeichen der Hoffnung an die Menschen die keinen sozialen R\u00fcckhalt haben. Durch die Spendengelder k\u00f6nnen wir\u00a0 hier in Dingden unb\u00fcrokratisch helfen, wo staatliche F\u00f6rderung nicht ausreichend zur Verf\u00fcgung steht.<\/p>\n ","protected":false},"excerpt":{"rendered":"<p>Ab Freitag, den 23. November\u00a0 gehen unsere Helferinnen und Helfer der Caritas mit der Adventssammlung in Dingden von Haus zu Haus und verteilen den neuen Pfarrbrief. Etwa 2100 Pfarrbriefe werden an alle Haushalte verteilt. Wir bitten um einen freundlichen Empfang und entsprechende Unterst\u00fctzung unserer Caritasarbeit hier\u00a0 in Dingden.<\/p>\n","protected":false},"author":1,"featured_media":0,"comment_status":"closed","ping_status":"closed","sticky":false,"template":"","format":"standard","meta":{"footnotes":""},"categories":[1],"tags":[],"_links":{"self":[{"href":"https:\/\/mariafrieden-hamminkeln.de\/index.php?rest_route=\/wp\/v2\/posts\/6341"}],"collection":[{"href":"https:\/\/mariafrieden-hamminkeln.de\/index.php?rest_route=\/wp\/v2\/posts"}],"about":[{"href":"https:\/\/mariafrieden-hamminkeln.de\/index.php?rest_route=\/wp\/v2\/types\/post"}],"author":[{"embeddable":true,"href":"https:\/\/mariafrieden-hamminkeln.de\/index.php?rest_route=\/wp\/v2\/users\/1"}],"replies":[{"embeddable":true,"href":"https:\/\/mariafrieden-hamminkeln.de\/index.php?rest_route=%2Fwp%2Fv2%2Fcomments&post=6341"}],"version-history":[{"count":3,"href":"https:\/\/mariafrieden-hamminkeln.de\/index.php?rest_route=\/wp\/v2\/posts\/6341\/revisions"}],"predecessor-version":[{"id":6458,"href":"https:\/\/mariafrieden-hamminkeln.de\/index.php?rest_route=\/wp\/v2\/posts\/6341\/revisions\/6458"}],"wp:attachment":[{"href":"https:\/\/mariafrieden-hamminkeln.de\/index.php?rest_route=%2Fwp%2Fv2%2Fmedia&parent=6341"}],"wp:term":[{"taxonomy":"category","embeddable":true,"href":"https:\/\/mariafrieden-hamminkeln.de\/index.php?rest_route=%2Fwp%2Fv2%2Fcategories&post=6341"},{"taxonomy":"post_tag","embeddable":true,"href":"https:\/\/mariafrieden-hamminkeln.de\/index.php?rest_route=%2Fwp%2Fv2%2Ftags&post=6341"}],"curies":[{"name":"wp","href":"https:\/\/api.w.org\/{rel}","templated":true}]}}