{"id":6505,"date":"2018-12-11T12:26:01","date_gmt":"2018-12-11T12:26:01","guid":{"rendered":"https:\/\/mariafrieden-hamminkeln.de\/?p=6505"},"modified":"2021-06-30T18:35:04","modified_gmt":"2021-06-30T18:35:04","slug":"ge-denkmal-maria-frieden-aufgestellt-neues-kunstwerk-am-lebensort-marienvrede","status":"publish","type":"post","link":"https:\/\/mariafrieden-hamminkeln.de\/?p=6505","title":{"rendered":"Willkommen am Gedenk- und Lebensort!"},"content":{"rendered":"<p><a href=\"https:\/\/mariafrieden-hamminkeln.de\/wp-content\/uploads\/2019\/06\/Infotafel-DIN-A4.pdf\"><img loading=\"lazy\" decoding=\"async\" class=\"alignleft size-large wp-image-7075\" src=\"https:\/\/mariafrieden-hamminkeln.de\/wp-content\/uploads\/2019\/06\/Infotafel-DIN-A1-1024x723.jpg\" alt=\"\" width=\"625\" height=\"441\" srcset=\"https:\/\/mariafrieden-hamminkeln.de\/wp-content\/uploads\/2019\/06\/Infotafel-DIN-A1-1024x723.jpg 1024w, https:\/\/mariafrieden-hamminkeln.de\/wp-content\/uploads\/2019\/06\/Infotafel-DIN-A1-300x212.jpg 300w, https:\/\/mariafrieden-hamminkeln.de\/wp-content\/uploads\/2019\/06\/Infotafel-DIN-A1-768x542.jpg 768w, https:\/\/mariafrieden-hamminkeln.de\/wp-content\/uploads\/2019\/06\/Infotafel-DIN-A1-624x441.jpg 624w\" sizes=\"(max-width: 625px) 100vw, 625px\" \/><\/a><\/p>\n<p>Nicht viele Leute wissen heute noch, dass es zwischen Loikum und Dingden einmal ein Kloster gegeben hat. Die Geb\u00e4ude sind l\u00e4ngst abgerissen. Steine sind unter anderem an Dingdener Geb\u00e4uden verbaut worden. Nur der Stra\u00dfenname \u201eAm Klosterbusch\u201c erinnert an die Gemarkung. Das Kloster Marienvrede: Ein l\u00e4ngst vergessener Ort? Ja und Nein. Das Andenken an dieses Kloster ist sp\u00e4testens seit 2013 wieder lebendig. Marienfrede oder Marienvrede bedeutet in heutigem Deutsch: Maria Frieden. Mit der Neugr\u00fcndung der Pfarrgemeinde Maria Frieden wurde an das vormalige Kloster erinnert. <a href=\"https:\/\/goo.gl\/maps\/D3CjN372oedzX4Ko6\" target=\"_blank\" rel=\"noopener\">Am Ort des ehemaligen Klosters<\/a> wird jetzt mit einem Kunstwerk an dieser historische St\u00e4tte gedacht.<\/p>\n<h2><span style=\"font-size: 14pt;\"><strong>Ge-Denkmal Maria Frieden aufgestellt: Neues Kunstwerk am &#8222;Lebensort&#8220; Marienfrede<\/strong><\/span><\/h2>\n<p><img loading=\"lazy\" decoding=\"async\" class=\"aligncenter wp-image-6528 size-large\" src=\"https:\/\/mariafrieden-hamminkeln.de\/wp-content\/uploads\/2018\/12\/DSC_0087-1024x680.jpg\" alt=\"\" width=\"625\" height=\"415\" srcset=\"https:\/\/mariafrieden-hamminkeln.de\/wp-content\/uploads\/2018\/12\/DSC_0087-1024x680.jpg 1024w, https:\/\/mariafrieden-hamminkeln.de\/wp-content\/uploads\/2018\/12\/DSC_0087-300x199.jpg 300w, https:\/\/mariafrieden-hamminkeln.de\/wp-content\/uploads\/2018\/12\/DSC_0087-768x510.jpg 768w, https:\/\/mariafrieden-hamminkeln.de\/wp-content\/uploads\/2018\/12\/DSC_0087-624x414.jpg 624w\" sizes=\"(max-width: 625px) 100vw, 625px\" \/>&#8222;Heute morgen war Ora, jetzt ist Labora&#8220; &#8211; Mit diesen Worten betrat Benediktiner-Pater Abraham Fischer heute morgen das Pfarrhaus in Dingden. Seine M\u00f6nchshabit hatte er mit einer schwarzen Latzhose getauscht. Im Auto wartete nicht nur sein Mitarbeiter, sondern auch schweres Werkzeug.<!--more--><\/p>\n<p><a href=\"https:\/\/mariafrieden-hamminkeln.de\/wp-content\/uploads\/2018\/12\/Grafik-Marienvrede.jpg\"><img loading=\"lazy\" decoding=\"async\" class=\"alignright size-medium wp-image-6570\" src=\"https:\/\/mariafrieden-hamminkeln.de\/wp-content\/uploads\/2018\/12\/Grafik-Marienvrede-300x182.jpg\" alt=\"\" width=\"300\" height=\"182\" srcset=\"https:\/\/mariafrieden-hamminkeln.de\/wp-content\/uploads\/2018\/12\/Grafik-Marienvrede-300x182.jpg 300w, https:\/\/mariafrieden-hamminkeln.de\/wp-content\/uploads\/2018\/12\/Grafik-Marienvrede-768x467.jpg 768w, https:\/\/mariafrieden-hamminkeln.de\/wp-content\/uploads\/2018\/12\/Grafik-Marienvrede-1024x622.jpg 1024w, https:\/\/mariafrieden-hamminkeln.de\/wp-content\/uploads\/2018\/12\/Grafik-Marienvrede-624x379.jpg 624w\" sizes=\"(max-width: 300px) 100vw, 300px\" \/><\/a>Der Anlass f\u00fcr einen Besuch war die Aufstellung des von ihm geschaffenen Kunstwerks. Gemeinsam mit den Past\u00f6ren Ralf Lamers und Franz-Josef Pail sowie den Ehrenamtlichen Nicole Brinks, Bernadette Peters, Sylvia Borkes-Bu\u00dfhaus und Norbert Ne\u00df ging es sodann aufs Feld zum Ort des Geschehens. Genauer: zur St\u00e4tte des ehemaligen Klosters Marienfrede im &#8222;Dreil\u00e4ndereck&#8220; Loikum, Ringenberg und Dingden, das sich hier bis zum Beginn des 19. Jahrhunderts befand. F\u00fcr die Pfarrei Maria Frieden, die ihren Namen vom ehemaligen Kloster abgeleitet hat, ist ein besonderer Ort: F\u00fcnf Jahre nach ihrer Gr\u00fcndung im Jahr 2013 m\u00f6chte die katholische Pfarrgemeinde Maria Frieden mit dem dortigen Kunstwerk einen neuen Gedenk- und Lebensort schaffen. Nun wurde die Metallskulptur aufgestellt: F\u00fcnf U-f\u00f6rmige Winkel stehen sich gegen\u00fcber, symbolisieren die f\u00fcnf Gemeinden der Pfarrei Maria Frieden. Darauf sind Bibelzitate eingefr\u00e4st.<\/p>\n<p>Im Pfarrbrief von Weihnachten 2017 wurde ausf\u00fchrlich \u00fcber alle Hintergr\u00fcnde zum Ge-Denkmal berichtet. Der Artikel kann <a href=\"https:\/\/mariafrieden-hamminkeln.de\/wp-content\/uploads\/2018\/12\/Gedenkort-Marienvrede.pdf\" target=\"_blank\" rel=\"noopener\">hier<\/a> gelesen werden.<\/p>\n<p>Als der Speditions-Lkw schlie\u00dflich anrollte, war gro\u00dfe Freude bei allen Beteiligten. Mit dem Traktor wurde das st\u00e4hlerne Kunstwerk zum Aufstellungsort gebracht. Bereits im Fr\u00fchjahr war hier eine Beton-Bodenplatte gegossen worden.<\/p>\n<p>Nunmehr wurde das Kunstwerk aufgestellt und auf der Bodenplatte fest verankert. Eine lange Planungs- und Vorbereitungsphase wurde vollendet. Erg\u00e4nzend werden in B\u00e4lde noch Hinweisschilder und eine Infotafel mit Erl\u00e4uterungen zum fr\u00fcheren Kloster und zum Kunstwerk errichtet.<\/p>\n<blockquote class=\"wp-embedded-content\" data-secret=\"X6Gj1kzpjC\"><p><a href=\"https:\/\/mariafrieden-hamminkeln.de\/?p=10769\">Pilger-Routen zum Denkmal<\/a><\/p><\/blockquote>\n<p><iframe class=\"wp-embedded-content\" sandbox=\"allow-scripts\" security=\"restricted\" style=\"position: absolute; clip: rect(1px, 1px, 1px, 1px);\" title=\"&#8222;Pilger-Routen zum Denkmal&#8220; &#8212; Pfarrei Maria Frieden Hamminkeln\" src=\"https:\/\/mariafrieden-hamminkeln.de\/?p=10769&#038;embed=true#?secret=X6Gj1kzpjC\" data-secret=\"X6Gj1kzpjC\" width=\"600\" height=\"338\" frameborder=\"0\" marginwidth=\"0\" marginheight=\"0\" scrolling=\"no\"><\/iframe><\/p>\n\n\t\t<style type=\"text\/css\">\n\t\t\t#gallery-1 {\n\t\t\t\tmargin: auto;\n\t\t\t}\n\t\t\t#gallery-1 .gallery-item {\n\t\t\t\tfloat: left;\n\t\t\t\tmargin-top: 10px;\n\t\t\t\ttext-align: center;\n\t\t\t\twidth: 33%;\n\t\t\t}\n\t\t\t#gallery-1 img {\n\t\t\t\tborder: 2px solid #cfcfcf;\n\t\t\t}\n\t\t\t#gallery-1 .gallery-caption {\n\t\t\t\tmargin-left: 0;\n\t\t\t}\n\t\t\t\/* see gallery_shortcode() in wp-includes\/media.php *\/\n\t\t<\/style>\n\t\t<div id='gallery-1' class='gallery galleryid-6505 gallery-columns-3 gallery-size-thumbnail'><dl class='gallery-item'>\n\t\t\t<dt class='gallery-icon landscape'>\n\t\t\t\t<a href='https:\/\/mariafrieden-hamminkeln.de\/?attachment_id=6507'><img loading=\"lazy\" decoding=\"async\" width=\"150\" height=\"150\" src=\"https:\/\/mariafrieden-hamminkeln.de\/wp-content\/uploads\/2018\/12\/DSC_0016-150x150.jpg\" class=\"attachment-thumbnail size-thumbnail\" alt=\"\" aria-describedby=\"gallery-1-6507\" \/><\/a>\n\t\t\t<\/dt>\n\t\t\t\t<dd class='wp-caption-text gallery-caption' id='gallery-1-6507'>\n\t\t\t\tDas Kunstwerk rollt an&#8230;\n\t\t\t\t<\/dd><\/dl><dl class='gallery-item'>\n\t\t\t<dt class='gallery-icon landscape'>\n\t\t\t\t<a href='https:\/\/mariafrieden-hamminkeln.de\/?attachment_id=6508'><img loading=\"lazy\" decoding=\"async\" width=\"150\" height=\"150\" src=\"https:\/\/mariafrieden-hamminkeln.de\/wp-content\/uploads\/2018\/12\/DSC_0025-150x150.jpg\" class=\"attachment-thumbnail size-thumbnail\" alt=\"\" aria-describedby=\"gallery-1-6508\" \/><\/a>\n\t\t\t<\/dt>\n\t\t\t\t<dd class='wp-caption-text gallery-caption' id='gallery-1-6508'>\n\t\t\t\t&#8230; kommt n\u00e4her &#8230;\n\t\t\t\t<\/dd><\/dl><dl class='gallery-item'>\n\t\t\t<dt class='gallery-icon landscape'>\n\t\t\t\t<a href='https:\/\/mariafrieden-hamminkeln.de\/?attachment_id=6509'><img loading=\"lazy\" decoding=\"async\" width=\"150\" height=\"150\" src=\"https:\/\/mariafrieden-hamminkeln.de\/wp-content\/uploads\/2018\/12\/DSC_0029-150x150.jpg\" class=\"attachment-thumbnail size-thumbnail\" alt=\"\" aria-describedby=\"gallery-1-6509\" \/><\/a>\n\t\t\t<\/dt>\n\t\t\t\t<dd class='wp-caption-text gallery-caption' id='gallery-1-6509'>\n\t\t\t\t&#8230; und ist fast am endg\u00fcltigen Ort.\n\t\t\t\t<\/dd><\/dl><br style=\"clear: both\" \/><dl class='gallery-item'>\n\t\t\t<dt class='gallery-icon landscape'>\n\t\t\t\t<a href='https:\/\/mariafrieden-hamminkeln.de\/?attachment_id=6510'><img loading=\"lazy\" decoding=\"async\" width=\"150\" height=\"150\" src=\"https:\/\/mariafrieden-hamminkeln.de\/wp-content\/uploads\/2018\/12\/DSC_0031-150x150.jpg\" class=\"attachment-thumbnail size-thumbnail\" alt=\"\" aria-describedby=\"gallery-1-6510\" \/><\/a>\n\t\t\t<\/dt>\n\t\t\t\t<dd class='wp-caption-text gallery-caption' id='gallery-1-6510'>\n\t\t\t\tErste Bilder werden geschossen.\n\t\t\t\t<\/dd><\/dl><dl class='gallery-item'>\n\t\t\t<dt class='gallery-icon landscape'>\n\t\t\t\t<a href='https:\/\/mariafrieden-hamminkeln.de\/?attachment_id=6511'><img loading=\"lazy\" decoding=\"async\" width=\"150\" height=\"150\" src=\"https:\/\/mariafrieden-hamminkeln.de\/wp-content\/uploads\/2018\/12\/DSC_0032-150x150.jpg\" class=\"attachment-thumbnail size-thumbnail\" alt=\"\" aria-describedby=\"gallery-1-6511\" \/><\/a>\n\t\t\t<\/dt>\n\t\t\t\t<dd class='wp-caption-text gallery-caption' id='gallery-1-6511'>\n\t\t\t\tNun liegt die Skultur bereit &#8230;\n\t\t\t\t<\/dd><\/dl><dl class='gallery-item'>\n\t\t\t<dt class='gallery-icon landscape'>\n\t\t\t\t<a href='https:\/\/mariafrieden-hamminkeln.de\/?attachment_id=6512'><img loading=\"lazy\" decoding=\"async\" width=\"150\" height=\"150\" src=\"https:\/\/mariafrieden-hamminkeln.de\/wp-content\/uploads\/2018\/12\/DSC_0036-150x150.jpg\" class=\"attachment-thumbnail size-thumbnail\" alt=\"\" aria-describedby=\"gallery-1-6512\" \/><\/a>\n\t\t\t<\/dt>\n\t\t\t\t<dd class='wp-caption-text gallery-caption' id='gallery-1-6512'>\n\t\t\t\t&#8230; und wird gleich errichtet.\n\t\t\t\t<\/dd><\/dl><br style=\"clear: both\" \/><dl class='gallery-item'>\n\t\t\t<dt class='gallery-icon landscape'>\n\t\t\t\t<a href='https:\/\/mariafrieden-hamminkeln.de\/?attachment_id=6513'><img loading=\"lazy\" decoding=\"async\" width=\"150\" height=\"150\" src=\"https:\/\/mariafrieden-hamminkeln.de\/wp-content\/uploads\/2018\/12\/DSC_0040-150x150.jpg\" class=\"attachment-thumbnail size-thumbnail\" alt=\"\" aria-describedby=\"gallery-1-6513\" \/><\/a>\n\t\t\t<\/dt>\n\t\t\t\t<dd class='wp-caption-text gallery-caption' id='gallery-1-6513'>\n\t\t\t\tMit dem Schaufellader geht es in die H\u00f6he.\n\t\t\t\t<\/dd><\/dl><dl class='gallery-item'>\n\t\t\t<dt class='gallery-icon portrait'>\n\t\t\t\t<a href='https:\/\/mariafrieden-hamminkeln.de\/?attachment_id=6514'><img loading=\"lazy\" decoding=\"async\" width=\"150\" height=\"150\" src=\"https:\/\/mariafrieden-hamminkeln.de\/wp-content\/uploads\/2018\/12\/DSC_0048-e1544530913170-150x150.jpg\" class=\"attachment-thumbnail size-thumbnail\" alt=\"\" aria-describedby=\"gallery-1-6514\" \/><\/a>\n\t\t\t<\/dt>\n\t\t\t\t<dd class='wp-caption-text gallery-caption' id='gallery-1-6514'>\n\t\t\t\tPasst, wackelt nicht, hat Luft.\n\t\t\t\t<\/dd><\/dl><dl class='gallery-item'>\n\t\t\t<dt class='gallery-icon landscape'>\n\t\t\t\t<a href='https:\/\/mariafrieden-hamminkeln.de\/?attachment_id=6515'><img loading=\"lazy\" decoding=\"async\" width=\"150\" height=\"150\" src=\"https:\/\/mariafrieden-hamminkeln.de\/wp-content\/uploads\/2018\/12\/DSC_0061-150x150.jpg\" class=\"attachment-thumbnail size-thumbnail\" alt=\"\" aria-describedby=\"gallery-1-6515\" \/><\/a>\n\t\t\t<\/dt>\n\t\t\t\t<dd class='wp-caption-text gallery-caption' id='gallery-1-6515'>\n\t\t\t\tIm Sonnenlicht ergeben sich interessante Bilder.\n\t\t\t\t<\/dd><\/dl><br style=\"clear: both\" \/><dl class='gallery-item'>\n\t\t\t<dt class='gallery-icon portrait'>\n\t\t\t\t<a href='https:\/\/mariafrieden-hamminkeln.de\/?attachment_id=6516'><img loading=\"lazy\" decoding=\"async\" width=\"150\" height=\"150\" src=\"https:\/\/mariafrieden-hamminkeln.de\/wp-content\/uploads\/2018\/12\/DSC_0064-e1544530897731-150x150.jpg\" class=\"attachment-thumbnail size-thumbnail\" alt=\"\" aria-describedby=\"gallery-1-6516\" \/><\/a>\n\t\t\t<\/dt>\n\t\t\t\t<dd class='wp-caption-text gallery-caption' id='gallery-1-6516'>\n\t\t\t\tK\u00fcnstler Pater Abraham Fischer OSB in seinem Werk.\n\t\t\t\t<\/dd><\/dl><dl class='gallery-item'>\n\t\t\t<dt class='gallery-icon landscape'>\n\t\t\t\t<a href='https:\/\/mariafrieden-hamminkeln.de\/?attachment_id=6517'><img loading=\"lazy\" decoding=\"async\" width=\"150\" height=\"150\" src=\"https:\/\/mariafrieden-hamminkeln.de\/wp-content\/uploads\/2018\/12\/DSC_0069-150x150.jpg\" class=\"attachment-thumbnail size-thumbnail\" alt=\"\" aria-describedby=\"gallery-1-6517\" \/><\/a>\n\t\t\t<\/dt>\n\t\t\t\t<dd class='wp-caption-text gallery-caption' id='gallery-1-6517'>\n\t\t\t\tDas Kunstwerk am Lebensort.\n\t\t\t\t<\/dd><\/dl><dl class='gallery-item'>\n\t\t\t<dt class='gallery-icon portrait'>\n\t\t\t\t<a href='https:\/\/mariafrieden-hamminkeln.de\/?attachment_id=6518'><img loading=\"lazy\" decoding=\"async\" width=\"150\" height=\"150\" src=\"https:\/\/mariafrieden-hamminkeln.de\/wp-content\/uploads\/2018\/12\/DSC_0073-e1544530882164-150x150.jpg\" class=\"attachment-thumbnail size-thumbnail\" alt=\"\" aria-describedby=\"gallery-1-6518\" \/><\/a>\n\t\t\t<\/dt>\n\t\t\t\t<dd class='wp-caption-text gallery-caption' id='gallery-1-6518'>\n\t\t\t\tF\u00fcnf ineinander verflochtene Balken symbolisieren die f\u00fcnf Gemeinden.\n\t\t\t\t<\/dd><\/dl><br style=\"clear: both\" \/><dl class='gallery-item'>\n\t\t\t<dt class='gallery-icon portrait'>\n\t\t\t\t<a href='https:\/\/mariafrieden-hamminkeln.de\/?attachment_id=6519'><img loading=\"lazy\" decoding=\"async\" width=\"150\" height=\"150\" src=\"https:\/\/mariafrieden-hamminkeln.de\/wp-content\/uploads\/2018\/12\/DSC_0077-e1544530847951-150x150.jpg\" class=\"attachment-thumbnail size-thumbnail\" alt=\"\" aria-describedby=\"gallery-1-6519\" \/><\/a>\n\t\t\t<\/dt>\n\t\t\t\t<dd class='wp-caption-text gallery-caption' id='gallery-1-6519'>\n\t\t\t\tFertig! (von links) Pastor Ralf Lamers, Sylvia Borkes-Bu\u00dfhaus, Bernadette Peters, Nicole Brinks, Herr Falke (Assistent von Pater Abraham), Pater Abraham Fischer und Pastor Franz-Josef Pail.\n\t\t\t\t<\/dd><\/dl><dl class='gallery-item'>\n\t\t\t<dt class='gallery-icon landscape'>\n\t\t\t\t<a href='https:\/\/mariafrieden-hamminkeln.de\/?attachment_id=6520'><img loading=\"lazy\" decoding=\"async\" width=\"150\" height=\"150\" src=\"https:\/\/mariafrieden-hamminkeln.de\/wp-content\/uploads\/2018\/12\/DSC_0079-150x150.jpg\" class=\"attachment-thumbnail size-thumbnail\" alt=\"\" aria-describedby=\"gallery-1-6520\" \/><\/a>\n\t\t\t<\/dt>\n\t\t\t\t<dd class='wp-caption-text gallery-caption' id='gallery-1-6520'>\n\t\t\t\tF\u00fcnf Bibelzitate zu Maria und Frieden sind eingearbeitet.\n\t\t\t\t<\/dd><\/dl><dl class='gallery-item'>\n\t\t\t<dt class='gallery-icon landscape'>\n\t\t\t\t<a href='https:\/\/mariafrieden-hamminkeln.de\/?attachment_id=6521'><img loading=\"lazy\" decoding=\"async\" width=\"150\" height=\"150\" src=\"https:\/\/mariafrieden-hamminkeln.de\/wp-content\/uploads\/2018\/12\/DSC_0082-150x150.jpg\" class=\"attachment-thumbnail size-thumbnail\" alt=\"\" aria-describedby=\"gallery-1-6521\" \/><\/a>\n\t\t\t<\/dt>\n\t\t\t\t<dd class='wp-caption-text gallery-caption' id='gallery-1-6521'>\n\t\t\t\tDas Kunstwerk in der Nahaufnahme.\n\t\t\t\t<\/dd><\/dl><br style=\"clear: both\" \/><dl class='gallery-item'>\n\t\t\t<dt class='gallery-icon landscape'>\n\t\t\t\t<a href='https:\/\/mariafrieden-hamminkeln.de\/?attachment_id=6522'><img loading=\"lazy\" decoding=\"async\" width=\"150\" height=\"150\" src=\"https:\/\/mariafrieden-hamminkeln.de\/wp-content\/uploads\/2018\/12\/DSC_0084-1-150x150.jpg\" class=\"attachment-thumbnail size-thumbnail\" alt=\"\" aria-describedby=\"gallery-1-6522\" \/><\/a>\n\t\t\t<\/dt>\n\t\t\t\t<dd class='wp-caption-text gallery-caption' id='gallery-1-6522'>\n\t\t\t\tDas Kunstwerk in der Naturkapelle.\n\t\t\t\t<\/dd><\/dl><dl class='gallery-item'>\n\t\t\t<dt class='gallery-icon portrait'>\n\t\t\t\t<a href='https:\/\/mariafrieden-hamminkeln.de\/?attachment_id=6523'><img loading=\"lazy\" decoding=\"async\" width=\"150\" height=\"150\" src=\"https:\/\/mariafrieden-hamminkeln.de\/wp-content\/uploads\/2018\/12\/DSC_0091-e1544530864772-150x150.jpg\" class=\"attachment-thumbnail size-thumbnail\" alt=\"\" aria-describedby=\"gallery-1-6523\" \/><\/a>\n\t\t\t<\/dt>\n\t\t\t\t<dd class='wp-caption-text gallery-caption' id='gallery-1-6523'>\n\t\t\t\tEin Halbsatz im Gegenlicht.\n\t\t\t\t<\/dd><\/dl><dl class='gallery-item'>\n\t\t\t<dt class='gallery-icon landscape'>\n\t\t\t\t<a href='https:\/\/mariafrieden-hamminkeln.de\/?attachment_id=6524'><img loading=\"lazy\" decoding=\"async\" width=\"150\" height=\"150\" src=\"https:\/\/mariafrieden-hamminkeln.de\/wp-content\/uploads\/2018\/12\/DSC_0096-150x150.jpg\" class=\"attachment-thumbnail size-thumbnail\" alt=\"\" aria-describedby=\"gallery-1-6524\" \/><\/a>\n\t\t\t<\/dt>\n\t\t\t\t<dd class='wp-caption-text gallery-caption' id='gallery-1-6524'>\n\t\t\t\tStarke Konturen.\n\t\t\t\t<\/dd><\/dl><br style=\"clear: both\" \/>\n\t\t<\/div>\n\n<blockquote class=\"wp-embedded-content\" data-secret=\"j2yg5gANOy\"><p><a href=\"https:\/\/mariafrieden-hamminkeln.de\/?p=7074\">Andacht am Ge-Denkmal mit Dankesch\u00f6n f\u00fcr die Helferinnen und Helfer<\/a><\/p><\/blockquote>\n<p><iframe class=\"wp-embedded-content\" sandbox=\"allow-scripts\" security=\"restricted\" style=\"position: absolute; clip: rect(1px, 1px, 1px, 1px);\" title=\"&#8222;Andacht am Ge-Denkmal mit Dankesch\u00f6n f\u00fcr die Helferinnen und Helfer&#8220; &#8212; Pfarrei Maria Frieden Hamminkeln\" src=\"https:\/\/mariafrieden-hamminkeln.de\/?p=7074&#038;embed=true#?secret=j2yg5gANOy\" data-secret=\"j2yg5gANOy\" width=\"600\" height=\"338\" frameborder=\"0\" marginwidth=\"0\" marginheight=\"0\" scrolling=\"no\"><\/iframe><\/p>\n<blockquote class=\"wp-embedded-content\" data-secret=\"M1ZX9rPRp9\"><p><a href=\"https:\/\/mariafrieden-hamminkeln.de\/?p=7285\">Fotoserie zur Denk-Mal Einweihung<\/a><\/p><\/blockquote>\n<p><iframe class=\"wp-embedded-content\" sandbox=\"allow-scripts\" security=\"restricted\" style=\"position: absolute; clip: rect(1px, 1px, 1px, 1px);\" title=\"&#8222;Fotoserie zur Denk-Mal Einweihung&#8220; &#8212; Pfarrei Maria Frieden Hamminkeln\" src=\"https:\/\/mariafrieden-hamminkeln.de\/?p=7285&#038;embed=true#?secret=M1ZX9rPRp9\" data-secret=\"M1ZX9rPRp9\" width=\"600\" height=\"338\" frameborder=\"0\" marginwidth=\"0\" marginheight=\"0\" scrolling=\"no\"><\/iframe><\/p>\n<p>&nbsp;<\/p>\n<p>&nbsp;<\/p>\n ","protected":false},"excerpt":{"rendered":"<p>Nicht viele Leute wissen heute noch, dass es zwischen Loikum und Dingden einmal ein Kloster gegeben hat. Die Geb\u00e4ude sind l\u00e4ngst abgerissen. Steine sind unter anderem an Dingdener Geb\u00e4uden verbaut worden. Nur der Stra\u00dfenname \u201eAm Klosterbusch\u201c erinnert an die Gemarkung. Das Kloster Marienvrede: Ein l\u00e4ngst vergessener Ort? Ja und Nein. Das Andenken an dieses Kloster [&hellip;]<\/p>\n","protected":false},"author":1,"featured_media":6528,"comment_status":"closed","ping_status":"closed","sticky":false,"template":"","format":"link","meta":{"footnotes":""},"categories":[1],"tags":[],"_links":{"self":[{"href":"https:\/\/mariafrieden-hamminkeln.de\/index.php?rest_route=\/wp\/v2\/posts\/6505"}],"collection":[{"href":"https:\/\/mariafrieden-hamminkeln.de\/index.php?rest_route=\/wp\/v2\/posts"}],"about":[{"href":"https:\/\/mariafrieden-hamminkeln.de\/index.php?rest_route=\/wp\/v2\/types\/post"}],"author":[{"embeddable":true,"href":"https:\/\/mariafrieden-hamminkeln.de\/index.php?rest_route=\/wp\/v2\/users\/1"}],"replies":[{"embeddable":true,"href":"https:\/\/mariafrieden-hamminkeln.de\/index.php?rest_route=%2Fwp%2Fv2%2Fcomments&post=6505"}],"version-history":[{"count":15,"href":"https:\/\/mariafrieden-hamminkeln.de\/index.php?rest_route=\/wp\/v2\/posts\/6505\/revisions"}],"predecessor-version":[{"id":11044,"href":"https:\/\/mariafrieden-hamminkeln.de\/index.php?rest_route=\/wp\/v2\/posts\/6505\/revisions\/11044"}],"wp:featuredmedia":[{"embeddable":true,"href":"https:\/\/mariafrieden-hamminkeln.de\/index.php?rest_route=\/wp\/v2\/media\/6528"}],"wp:attachment":[{"href":"https:\/\/mariafrieden-hamminkeln.de\/index.php?rest_route=%2Fwp%2Fv2%2Fmedia&parent=6505"}],"wp:term":[{"taxonomy":"category","embeddable":true,"href":"https:\/\/mariafrieden-hamminkeln.de\/index.php?rest_route=%2Fwp%2Fv2%2Fcategories&post=6505"},{"taxonomy":"post_tag","embeddable":true,"href":"https:\/\/mariafrieden-hamminkeln.de\/index.php?rest_route=%2Fwp%2Fv2%2Ftags&post=6505"}],"curies":[{"name":"wp","href":"https:\/\/api.w.org\/{rel}","templated":true}]}}