{"id":8264,"date":"2020-07-26T19:03:13","date_gmt":"2020-07-26T19:03:13","guid":{"rendered":"https:\/\/mariafrieden-hamminkeln.de\/?p=8264"},"modified":"2020-08-14T14:41:47","modified_gmt":"2020-08-14T14:41:47","slug":"wegen-corona-mehr-empfaenger-und-weniger-fahrer-20-fahrerinnen-und-fahrer-fuer-essen-auf-raedern-dringend-gesucht","status":"publish","type":"post","link":"https:\/\/mariafrieden-hamminkeln.de\/?p=8264","title":{"rendered":"Wegen Corona: Mehr Empf\u00e4nger und weniger Fahrer \u2013 20 Fahrerinnen und Fahrer f\u00fcr \u201eEssen auf R\u00e4dern\u201c dringend gesucht"},"content":{"rendered":"<p><img loading=\"lazy\" decoding=\"async\" class=\"aligncenter size-large wp-image-8265\" src=\"https:\/\/mariafrieden-hamminkeln.de\/wp-content\/uploads\/2020\/04\/Essen-auf-R\u00e4dern_FB-1024x538.jpg\" alt=\"\" width=\"625\" height=\"328\" srcset=\"https:\/\/mariafrieden-hamminkeln.de\/wp-content\/uploads\/2020\/04\/Essen-auf-R\u00e4dern_FB-1024x538.jpg 1024w, https:\/\/mariafrieden-hamminkeln.de\/wp-content\/uploads\/2020\/04\/Essen-auf-R\u00e4dern_FB-300x157.jpg 300w, https:\/\/mariafrieden-hamminkeln.de\/wp-content\/uploads\/2020\/04\/Essen-auf-R\u00e4dern_FB-768x403.jpg 768w, https:\/\/mariafrieden-hamminkeln.de\/wp-content\/uploads\/2020\/04\/Essen-auf-R\u00e4dern_FB-624x328.jpg 624w, https:\/\/mariafrieden-hamminkeln.de\/wp-content\/uploads\/2020\/04\/Essen-auf-R\u00e4dern_FB.jpg 1063w\" sizes=\"(max-width: 625px) 100vw, 625px\" \/>Bei der Aktion \u201eEssen auf R\u00e4dern\u201c der Pfarrcaritas der katholischen Kirchengemeinde Maria Frieden wirkt sich die Corona-Krise deutlich aus: \u201eWir haben zurzeit mehr Empf\u00e4nger und weniger Fahrer\u201c, sagt Diakon Heinz Grunden, der die Initiative betreut. \u201eViele \u00e4ltere Mitb\u00fcrger wurden bisher durch ihre Angeh\u00f6rigen versorgt. Sie nehmen jetzt unseren Service in Anspruch.\u201c Momentan werden 227 Personen im Stadtgebiet versorgt, in den letzten Tagen wurden bis zu 204 Mahlzeiten an einem Tag ausgegeben.<!--more--><\/p>\n<p>Diesen gesteigerten Ausgabezahlen stehen sinkende Helferzahlen gegen\u00fcber: \u201eDa mehrere Helferinnen und Helfer aufgrund ihres Alters zur Corona-Risikogruppe geh\u00f6ren, haben sich zwanzig Fahrerinnen und Fahrer abgemeldet, um sich und andere nicht zu gef\u00e4hrden\u201c, erl\u00e4utert der Caritas-Verantwortliche. \u201eDeshalb sind dringend zwanzig neue Helferinnen und Helfer erforderlich, um unsere bisherigen Fahrer nicht st\u00e4rker zu belasten! Unsere \u00e4lteren Mitb\u00fcrgerinnen und Mitb\u00fcrger sind auf die zuverl\u00e4ssige und ehrenamtliche Hilfe angewiesen.\u201c<\/p>\n<p>Am 4. Mai beginnt f\u00fcr \u201eEssen auf R\u00e4dern\u201c der neue Planungsabschnitt, der von Mai bis September 2020 reicht. Der ehrenamtliche Dienst ist gut \u00fcberschaubar und planbar: Einmal im Monat, maximal alle drei Wochen, sollten die Freiwilligen in der Zeit von 11 bis 13 Uhr f\u00fcr den Einsatz bereitstehen. Der Einsatzplan wird individuell abgesprochen. Das Essen wird im St.-Josef-Haus in Dingden zubereitet und von dort abgeholt. In Boxen wird es zu den Empf\u00e4ngern gebracht.<\/p>\n<p>Diakon Grunden appelliert an die Hilfsbereitschaft: \u201eWenn wir diesen ehrenamtlichen Dienst nicht mehr organisieren k\u00f6nnten, w\u00fcrden die vielen Kontakte wegfallen \u2013 auch wenn sie in der Corona-Krise nat\u00fcrlich nur eingeschr\u00e4nkt stattfinden k\u00f6nnen.\u201c Zudem w\u00fcrden sich die Kosten f\u00fcr die Mahlzeiten auf sieben bis acht Euro verteuern. \u201eAufgrund der hohen Kosten k\u00f6nnte der eine oder andere Essensempf\u00e4nger dann nicht mehr t\u00e4glich eine warme Mahlzeit bekommen.\u201c Sein Fazit: \u201eZeigen wir Hilfsbereitschaft und Solidarit\u00e4t \u2013 nicht nur in der Corona-Krise, sondern auch dar\u00fcber hinaus!\u201c<\/p>\n<p>Interessierte Helferinnen und Helfer k\u00f6nnen sich unter <a href=\"mailto:essenaufraedern@mariafrieden-hamminkeln.de\">essenaufraedern@mariafrieden-hamminkeln.de<\/a> oder bei Diakon Heinz Grunden (Telefon 02856\/1356) direkt sowie bei Ursula Kruse (Telefon 0157\/31052697) melden.<\/p>\n ","protected":false},"excerpt":{"rendered":"<p>Bei der Aktion \u201eEssen auf R\u00e4dern\u201c der Pfarrcaritas der katholischen Kirchengemeinde Maria Frieden wirkt sich die Corona-Krise deutlich aus: \u201eWir haben zurzeit mehr Empf\u00e4nger und weniger Fahrer\u201c, sagt Diakon Heinz Grunden, der die Initiative betreut. \u201eViele \u00e4ltere Mitb\u00fcrger wurden bisher durch ihre Angeh\u00f6rigen versorgt. Sie nehmen jetzt unseren Service in Anspruch.\u201c Momentan werden 227 Personen [&hellip;]<\/p>\n","protected":false},"author":1,"featured_media":0,"comment_status":"closed","ping_status":"closed","sticky":false,"template":"","format":"standard","meta":{"footnotes":""},"categories":[1],"tags":[],"_links":{"self":[{"href":"https:\/\/mariafrieden-hamminkeln.de\/index.php?rest_route=\/wp\/v2\/posts\/8264"}],"collection":[{"href":"https:\/\/mariafrieden-hamminkeln.de\/index.php?rest_route=\/wp\/v2\/posts"}],"about":[{"href":"https:\/\/mariafrieden-hamminkeln.de\/index.php?rest_route=\/wp\/v2\/types\/post"}],"author":[{"embeddable":true,"href":"https:\/\/mariafrieden-hamminkeln.de\/index.php?rest_route=\/wp\/v2\/users\/1"}],"replies":[{"embeddable":true,"href":"https:\/\/mariafrieden-hamminkeln.de\/index.php?rest_route=%2Fwp%2Fv2%2Fcomments&post=8264"}],"version-history":[{"count":2,"href":"https:\/\/mariafrieden-hamminkeln.de\/index.php?rest_route=\/wp\/v2\/posts\/8264\/revisions"}],"predecessor-version":[{"id":8451,"href":"https:\/\/mariafrieden-hamminkeln.de\/index.php?rest_route=\/wp\/v2\/posts\/8264\/revisions\/8451"}],"wp:attachment":[{"href":"https:\/\/mariafrieden-hamminkeln.de\/index.php?rest_route=%2Fwp%2Fv2%2Fmedia&parent=8264"}],"wp:term":[{"taxonomy":"category","embeddable":true,"href":"https:\/\/mariafrieden-hamminkeln.de\/index.php?rest_route=%2Fwp%2Fv2%2Fcategories&post=8264"},{"taxonomy":"post_tag","embeddable":true,"href":"https:\/\/mariafrieden-hamminkeln.de\/index.php?rest_route=%2Fwp%2Fv2%2Ftags&post=8264"}],"curies":[{"name":"wp","href":"https:\/\/api.w.org\/{rel}","templated":true}]}}