{"id":8685,"date":"2020-07-25T07:36:09","date_gmt":"2020-07-25T07:36:09","guid":{"rendered":"https:\/\/mariafrieden-hamminkeln.de\/?p=8685"},"modified":"2020-08-04T08:22:40","modified_gmt":"2020-08-04T08:22:40","slug":"ferienlager-der-pfarrei-maria-frieden-hamminkeln-abgesagt","status":"publish","type":"post","link":"https:\/\/mariafrieden-hamminkeln.de\/?p=8685","title":{"rendered":"Ferienlager der Pfarrei Maria Frieden Hamminkeln &#8211; abgesagt"},"content":{"rendered":"<p><img loading=\"lazy\" decoding=\"async\" class=\"alignleft size-thumbnail wp-image-4097\" src=\"https:\/\/mariafrieden-hamminkeln.de\/wp-content\/uploads\/2017\/06\/Logo-Ameland-150x150.jpg\" alt=\"\" width=\"150\" height=\"150\" \/>Nach einer abendlichen Sitzung mit allen Verantwortlichen sind wir zu dem Schluss gekommen, dass wir, unter den Corona-Bedingungen und Corona-Gefahren die <strong><span style=\"color: #ff0000;\">Freizeit f\u00fcr Kinder nach Ameland<\/span><\/strong>, wie auch die <strong><span style=\"color: #ff0000;\">Jugendfreizeit nach Kroatien<\/span> <\/strong>absagen m\u00fcssen.<\/p>\n<p>Dem Tr\u00e4ger, wie auch den Lagerleitern ist bewusst, dass die Kinder und Jugendlichen sich auf unbeschwerte Tage mit Spiel und Spa\u00df gefreut haben, unter den gebotenen Ma\u00dfnahmen, wie Abstand und Hygiene allerdings nicht durchf\u00fchrbar sind.<!--more--><\/p>\n<p>Ferner gilt es das Risiko der Ansteckung zu minimieren, aus diesem Grund haben wir uns zu diesem Schritt entschlossen, wohlwissend, was das f\u00fcr die Kinder und Jugendlichen und nat\u00fcrlich auch f\u00fcr die Betreuer\/-innen bedeutet.<\/p>\n<p>Zur Zeit wird \u00fcberlegt, verschiedene Ersatzangebote anzubieten, um Alternativen f\u00fcr die Kinder\/Jugendlichen und ihre Familien zu schaffen. Dazu haben wir die aktuelle politische Lage, wie auch die Regelungen des Bistums M\u00fcnster im Blick, um zeitnah den Kindern und Jugendlichen ein Angebot machen zu k\u00f6nnen. Dass das kein Ersatz f\u00fcr die Freizeiten ist, ist uns bewusst, aber in schwierigen Zeiten ein Alternativangebot, um ein wenig f\u00fcr Abwechslung zu sorgen.<\/p>\n<p>Die Teilnehmergeb\u00fchren werden vollst\u00e4ndig erstattet.<\/p>\n<p>Bei allen Fragen rund um die Ferienfreizeiten, wie auch Alternativangebote steht Jugendleiterin Frau Schmeink unter 02852 \/ 909030 zur Verf\u00fcgung.<\/p>\n<p>&nbsp;<\/p>\n ","protected":false},"excerpt":{"rendered":"<p>Nach einer abendlichen Sitzung mit allen Verantwortlichen sind wir zu dem Schluss gekommen, dass wir, unter den Corona-Bedingungen und Corona-Gefahren die Freizeit f\u00fcr Kinder nach Ameland, wie auch die Jugendfreizeit nach Kroatien absagen m\u00fcssen. Dem Tr\u00e4ger, wie auch den Lagerleitern ist bewusst, dass die Kinder und Jugendlichen sich auf unbeschwerte Tage mit Spiel und Spa\u00df [&hellip;]<\/p>\n","protected":false},"author":1,"featured_media":0,"comment_status":"closed","ping_status":"closed","sticky":false,"template":"","format":"standard","meta":{"footnotes":""},"categories":[1],"tags":[],"_links":{"self":[{"href":"https:\/\/mariafrieden-hamminkeln.de\/index.php?rest_route=\/wp\/v2\/posts\/8685"}],"collection":[{"href":"https:\/\/mariafrieden-hamminkeln.de\/index.php?rest_route=\/wp\/v2\/posts"}],"about":[{"href":"https:\/\/mariafrieden-hamminkeln.de\/index.php?rest_route=\/wp\/v2\/types\/post"}],"author":[{"embeddable":true,"href":"https:\/\/mariafrieden-hamminkeln.de\/index.php?rest_route=\/wp\/v2\/users\/1"}],"replies":[{"embeddable":true,"href":"https:\/\/mariafrieden-hamminkeln.de\/index.php?rest_route=%2Fwp%2Fv2%2Fcomments&post=8685"}],"version-history":[{"count":4,"href":"https:\/\/mariafrieden-hamminkeln.de\/index.php?rest_route=\/wp\/v2\/posts\/8685\/revisions"}],"predecessor-version":[{"id":8692,"href":"https:\/\/mariafrieden-hamminkeln.de\/index.php?rest_route=\/wp\/v2\/posts\/8685\/revisions\/8692"}],"wp:attachment":[{"href":"https:\/\/mariafrieden-hamminkeln.de\/index.php?rest_route=%2Fwp%2Fv2%2Fmedia&parent=8685"}],"wp:term":[{"taxonomy":"category","embeddable":true,"href":"https:\/\/mariafrieden-hamminkeln.de\/index.php?rest_route=%2Fwp%2Fv2%2Fcategories&post=8685"},{"taxonomy":"post_tag","embeddable":true,"href":"https:\/\/mariafrieden-hamminkeln.de\/index.php?rest_route=%2Fwp%2Fv2%2Ftags&post=8685"}],"curies":[{"name":"wp","href":"https:\/\/api.w.org\/{rel}","templated":true}]}}