{"id":9011,"date":"2020-09-01T06:35:04","date_gmt":"2020-09-01T06:35:04","guid":{"rendered":"https:\/\/mariafrieden-hamminkeln.de\/?p=9011"},"modified":"2020-12-31T17:55:19","modified_gmt":"2020-12-31T17:55:19","slug":"impuls-des-monats-wo-zwei-oder-drei-in-meinem-namen-versammelt-sind-da-bin-ich-mitten-unter-ihnen-mt-1820","status":"publish","type":"post","link":"https:\/\/mariafrieden-hamminkeln.de\/?p=9011","title":{"rendered":"Impuls des Monats August: &#8222;Wo zwei oder drei in meinem Namen versammelt sind, da bin ich mitten unter ihnen.\u201c (Mt.18,20)"},"content":{"rendered":"<!--[if lt IE 9]><script>document.createElement('audio');<\/script><![endif]-->\n<audio class=\"wp-audio-shortcode\" id=\"audio-9011-1\" preload=\"none\" style=\"width: 100%;\" controls=\"controls\"><source type=\"audio\/ogg\" src=\"https:\/\/mariafrieden-hamminkeln.de\/wp-content\/uploads\/2020\/08\/Monatsimpuls-Audio.ogg?_=1\" \/><a href=\"https:\/\/mariafrieden-hamminkeln.de\/wp-content\/uploads\/2020\/08\/Monatsimpuls-Audio.ogg\">https:\/\/mariafrieden-hamminkeln.de\/wp-content\/uploads\/2020\/08\/Monatsimpuls-Audio.ogg<\/a><\/audio>\n<p><a href=\"https:\/\/mariafrieden-hamminkeln.de\/wp-content\/uploads\/2020\/09\/Monatsimpuls-September-Bild-002.png\"><img loading=\"lazy\" decoding=\"async\" class=\"alignleft size-thumbnail wp-image-9013\" src=\"https:\/\/mariafrieden-hamminkeln.de\/wp-content\/uploads\/2020\/09\/Monatsimpuls-September-Bild-002-150x150.png\" alt=\"\" width=\"150\" height=\"150\" srcset=\"https:\/\/mariafrieden-hamminkeln.de\/wp-content\/uploads\/2020\/09\/Monatsimpuls-September-Bild-002-150x150.png 150w, https:\/\/mariafrieden-hamminkeln.de\/wp-content\/uploads\/2020\/09\/Monatsimpuls-September-Bild-002-300x300.png 300w, https:\/\/mariafrieden-hamminkeln.de\/wp-content\/uploads\/2020\/09\/Monatsimpuls-September-Bild-002-1024x1024.png 1024w, https:\/\/mariafrieden-hamminkeln.de\/wp-content\/uploads\/2020\/09\/Monatsimpuls-September-Bild-002-768x768.png 768w, https:\/\/mariafrieden-hamminkeln.de\/wp-content\/uploads\/2020\/09\/Monatsimpuls-September-Bild-002-624x624.png 624w, https:\/\/mariafrieden-hamminkeln.de\/wp-content\/uploads\/2020\/09\/Monatsimpuls-September-Bild-002.png 1080w\" sizes=\"(max-width: 150px) 100vw, 150px\" \/><\/a>Was kommt ihnen bei diesem Vers in den Kopf?<\/p>\n<p>F\u00fcr mich bedeutet dieser Satz:<br \/>\nGott ist dabei! In jeder Begegnung, bei der wir uns in seinem Namen versammeln, \u00fcber ihn reden, zu ihm beten!<\/p>\n<p>Ist es dann nicht auch einfacher zu glauben? \u2013 in Gemeinschaft?<!--more--><\/p>\n<p>\u2026, wenn es ein oder zwei Menschen gibt, die mit mir glauben und ihren Glauben mit mir teilen.<br \/>\n\u2026, oder wenn ich Menschen treffe, denen ich die frohe Botschaft weitergeben und sie begeistern kann.<\/p>\n<p>Anders ist es, wenn ich kritisch hinterfragt werde und sich die Ein oder Zwei, die sich versammeln, gegen mich stellen.<br \/>\nGelingt es mir dann immer noch \u201eeinfach\u201c von meinem Glauben zu sprechen?<\/p>\n<p>Ich glaube auch dann ist Gott mitten unter uns! &#8211; Auch in schwierigen Gespr\u00e4chen!<br \/>\nDas habe ich zuletzt beim Open-Air-Gottesdienst f\u00fcr die Firmvorbereitung gedacht. In dem ging es um den Mut, den es braucht, zum eigenen Glauben \u2013 zu Gott, zu stehen.<br \/>\nWir haben von Jeremia geh\u00f6rt, der trotz aller Strapazen bei Gott bleibt. Er k\u00e4mpft mit sich! Und es w\u00e4re einfach f\u00fcr ihn, wenn er nicht zu Gott stehen w\u00fcrde! Er sagt sogar:<br \/>\n<em>\u201eIch will nicht mehr an Gott denken und nicht mehr in seinem Auftrag reden\u201c (Jer. 20,9)<br \/>\n<\/em>Aber er kann trotzdem nicht damit aufh\u00f6ren\u2026<br \/>\nEr k\u00e4mpft gegen sich, weil in seinem Innern die Worte der anderen, wie ein Feuer sind. Er geht durch dieses Feuer und alle Zweifel. Und ich bin mir sicher Gott ist bei ihm.<br \/>\nDiese Geschichte beeindruckt mich!<br \/>\nEs war nicht einfach f\u00fcr Jeremia am Glauben festzuhalten, obwohl so viele gegen ihn gesprochen haben.<\/p>\n<p>Ich kenne das aus meinem eigenen Leben auch:<br \/>\n<em>\u201eAch du arbeitest f\u00fcr die Kirche\u201c<br \/>\n<\/em><em style=\"font-size: 1rem;\">\u201eWarum?\u201c<br \/>\n<\/em><em>\u201eIst die nicht voll veraltet?\u201c<br \/>\n<\/em><em>\u201eda muss sich doch mal was \u00e4ndern\u2026\u201c<br \/>\n<\/em><em>\u201eIch k\u00f6nnte das ja nicht \u2026\u201c<\/em><\/p>\n<p>Viele solcher Aussagen und Frage begegnen mir oft!<br \/>\nManchmal bringt mich das ins Wanken.<br \/>\nAber auch ich bleibe dabei! Ich stehe zu meinem Glauben!<br \/>\nUnd dabei ist es f\u00fcr mich gut zu wissen, er \u2013 Gott ist dabei! IMMER.<br \/>\nDenn ich glaube, diesen Zuspruch gibt er uns mit dem Vers auch:<br \/>\n\u201eWo zwei oder drei in [seinem] Namen versammelt sind, da [ist er] mitten unter [ihnen]\u201c<br \/>\nGott ist bei allen Gespr\u00e4chen mitten unter uns.<br \/>\nImmer! Wenn ich mit jemanden \u00fcber den Glauben spreche, ob es nun positiv oder negativ ist.<\/p>\n<p>Und ich glaube an jedem Gespr\u00e4ch kann ich wachsen und kann so auch Antworten auf meine eigenen Fragen bekommen, kann mich bei kritischen Gespr\u00e4chen nochmal selbst hinterfragt und evtl. eine weitere Sicht auf Dinge bekommen oder sogar etwas \u00e4ndern.<br \/>\nOder ich kann dem Anderem helfen einen Zugang zum Glauben zu bekommen.<br \/>\nDaf\u00fcr ist es wichtig gemeinsam unterwegs zu sein.<br \/>\nGott ist immer mitten unter uns!<br \/>\nUnd das ist so bekr\u00e4ftigend!<\/p>\n<p>Lassen Sie uns gemeinsam auf der Suche und Weg unseres Glaubens sein \u2013 als Gemeinschaft!<br \/>\nWir mit Ihm.<\/p>\n<p>Und so w\u00fcnsche ich Ihnen, dass Sie Menschen an ihrer Seite haben und den Mut zu sich und ihrem Glauben zu stehen.<\/p>\n<p>Ihre<br \/>\nTheresa Dahlke<br \/>\naus dem Seelsorgeteam der Pfarrei Maria Frieden, Hamminkeln.<\/p>\n<p>&nbsp;<\/p>\n ","protected":false},"excerpt":{"rendered":"<p>Was kommt ihnen bei diesem Vers in den Kopf? F\u00fcr mich bedeutet dieser Satz: Gott ist dabei! In jeder Begegnung, bei der wir uns in seinem Namen versammeln, \u00fcber ihn reden, zu ihm beten! Ist es dann nicht auch einfacher zu glauben? \u2013 in Gemeinschaft?<\/p>\n","protected":false},"author":1,"featured_media":0,"comment_status":"closed","ping_status":"closed","sticky":false,"template":"","format":"standard","meta":{"footnotes":""},"categories":[1],"tags":[],"_links":{"self":[{"href":"https:\/\/mariafrieden-hamminkeln.de\/index.php?rest_route=\/wp\/v2\/posts\/9011"}],"collection":[{"href":"https:\/\/mariafrieden-hamminkeln.de\/index.php?rest_route=\/wp\/v2\/posts"}],"about":[{"href":"https:\/\/mariafrieden-hamminkeln.de\/index.php?rest_route=\/wp\/v2\/types\/post"}],"author":[{"embeddable":true,"href":"https:\/\/mariafrieden-hamminkeln.de\/index.php?rest_route=\/wp\/v2\/users\/1"}],"replies":[{"embeddable":true,"href":"https:\/\/mariafrieden-hamminkeln.de\/index.php?rest_route=%2Fwp%2Fv2%2Fcomments&post=9011"}],"version-history":[{"count":7,"href":"https:\/\/mariafrieden-hamminkeln.de\/index.php?rest_route=\/wp\/v2\/posts\/9011\/revisions"}],"predecessor-version":[{"id":9705,"href":"https:\/\/mariafrieden-hamminkeln.de\/index.php?rest_route=\/wp\/v2\/posts\/9011\/revisions\/9705"}],"wp:attachment":[{"href":"https:\/\/mariafrieden-hamminkeln.de\/index.php?rest_route=%2Fwp%2Fv2%2Fmedia&parent=9011"}],"wp:term":[{"taxonomy":"category","embeddable":true,"href":"https:\/\/mariafrieden-hamminkeln.de\/index.php?rest_route=%2Fwp%2Fv2%2Fcategories&post=9011"},{"taxonomy":"post_tag","embeddable":true,"href":"https:\/\/mariafrieden-hamminkeln.de\/index.php?rest_route=%2Fwp%2Fv2%2Ftags&post=9011"}],"curies":[{"name":"wp","href":"https:\/\/api.w.org\/{rel}","templated":true}]}}